{"id":11797,"date":"2015-06-11T01:13:45","date_gmt":"2015-06-11T00:13:45","guid":{"rendered":"http:\/\/2horizontes.com\/?p=11797"},"modified":"2015-06-11T01:13:45","modified_gmt":"2015-06-11T00:13:45","slug":"internan-en-el-homs-al-director-del-idss-sabino-baez-por-accidente-cerebro-vascular","status":"publish","type":"post","link":"https:\/\/2horizontes.com\/?p=11797","title":{"rendered":"Internan en el Homs al director del IDSS, Sabino B\u00e1ez por accidente cerebro vascular"},"content":{"rendered":"<p>RD-SANTIAGO-El director del Instituto Dominicano de Seguros Sociales (IDSS), Sabino B\u00e1ez, fue ingresado hoy al Hospital Metropolitano de Santiago (Homs), afectado de un accidente cerebro vascular.<\/p>\n<p>El m\u00e9dico especialista en obstetricia y ginecolog\u00eda se encuentra recluido en la unidad de Cuidados Intensivos de dicho centro de salud.<\/p>\n<p>B\u00e1ez, de 70 a\u00f1os, es atendido por su m\u00e9dico cabecera Mario Liburd. Los m\u00e9dicos que lo atienden informaron que su estado de salud es estable.<\/p>\n","protected":false},"excerpt":{"rendered":"<p>RD-SANTIAGO-El director del Instituto Dominicano de Seguros Sociales (IDSS), Sabino B\u00e1ez, fue ingresado hoy al Hospital Metropolitano de Santiago (Homs), afectado de un accidente cerebro vascular. El m\u00e9dico especialista en obstetricia y ginecolog\u00eda se encuentra recluido en la unidad de Cuidados Intensivos de dicho centro de salud. B\u00e1ez, de 70 a\u00f1os, es atendido por su [&hellip;]<\/p>\n","protected":false},"author":8,"featured_media":11798,"comment_status":"open","ping_status":"open","sticky":false,"template":"","format":"standard","meta":{"footnotes":""},"categories":[53,45],"tags":[],"class_list":["post-11797","post","type-post","status-publish","format-standard","has-post-thumbnail","hentry","category-provincias","category-salud"],"_links":{"self":[{"href":"https:\/\/2horizontes.com\/index.php?rest_route=\/wp\/v2\/posts\/11797","targetHints":{"allow":["GET"]}}],"collection":[{"href":"https:\/\/2horizontes.com\/index.php?rest_route=\/wp\/v2\/posts"}],"about":[{"href":"https:\/\/2horizontes.com\/index.php?rest_route=\/wp\/v2\/types\/post"}],"author":[{"embeddable":true,"href":"https:\/\/2horizontes.com\/index.php?rest_route=\/wp\/v2\/users\/8"}],"replies":[{"embeddable":true,"href":"https:\/\/2horizontes.com\/index.php?rest_route=%2Fwp%2Fv2%2Fcomments&post=11797"}],"version-history":[{"count":1,"href":"https:\/\/2horizontes.com\/index.php?rest_route=\/wp\/v2\/posts\/11797\/revisions"}],"predecessor-version":[{"id":11799,"href":"https:\/\/2horizontes.com\/index.php?rest_route=\/wp\/v2\/posts\/11797\/revisions\/11799"}],"wp:featuredmedia":[{"embeddable":true,"href":"https:\/\/2horizontes.com\/index.php?rest_route=\/wp\/v2\/media\/11798"}],"wp:attachment":[{"href":"https:\/\/2horizontes.com\/index.php?rest_route=%2Fwp%2Fv2%2Fmedia&parent=11797"}],"wp:term":[{"taxonomy":"category","embeddable":true,"href":"https:\/\/2horizontes.com\/index.php?rest_route=%2Fwp%2Fv2%2Fcategories&post=11797"},{"taxonomy":"post_tag","embeddable":true,"href":"https:\/\/2horizontes.com\/index.php?rest_route=%2Fwp%2Fv2%2Ftags&post=11797"}],"curies":[{"name":"wp","href":"https:\/\/api.w.org\/{rel}","templated":true}]}}