{"id":11779,"date":"2015-06-11T00:32:34","date_gmt":"2015-06-10T23:32:34","guid":{"rendered":"http:\/\/2horizontes.com\/?p=11779"},"modified":"2015-06-11T00:32:34","modified_gmt":"2015-06-10T23:32:34","slug":"ginebra-sindicalistas-denuncian-violaciones-en-rep-dominicana","status":"publish","type":"post","link":"https:\/\/2horizontes.com\/?p=11779","title":{"rendered":"GINEBRA: Sindicalistas denuncian violaciones en Rep. Dominicana"},"content":{"rendered":"<p>GINEBRA &#8211; Las centrales sindicales de la Rep\u00fablica Dominicana se quejaron de los bajos salarios, evasi\u00f3n de pago a la Seguridad Social y violaci\u00f3n a los derechos de libertad sindical en su pa\u00eds en la 105\u00aa conferencia de la Organizaci\u00f3n Internacional del Trabajo (OIT) que se desarrolla en Ginebra desde el primero de junio.<\/p>\n<p>Jacobo Ramos, Rafael Abreu (Pepe) y Gabriel del R\u00edo denunciaron tambi\u00e9n que los trabajadores, pensionados y jubilados dominicanos se hunden en la pobreza, ya que con sus ingresos no cubren ni el 50% del costo de la canasta b\u00e1sica.<\/p>\n<p>Indicaron que el Banco Central avala, con estudios sobre la materia, que desde 1979, el poder adquisitivo de los salarios en Rep\u00fablica Dominicana se ha disminuido en un 35% y que para recuperarlo es necesario aplicar cinco aumentos en igual per\u00edodo.<\/p>\n<p>Se\u00f1alaron que a 14 a\u00f1os de aprobada la Ley de Seguridad Social, estas sigan creando inequidades y permiten que trabajadores informales permanezcan excluidos y los pensionados y jubilados sin cobertura de salud.<\/p>\n<p>Ramos deplor\u00f3 que \u201cen vez de mejorar se implementa previsionalmente un sistema de capitalizaci\u00f3n individual, donde se piensa m\u00e1s en acumular ganancias por las Administradoras de Fondos de Pensiones (AFP), y no en el derecho a un retiro digno que deben gozar los trabajadores\u201d.<\/p>\n<p>Abreu, de su lado, expres\u00f3 que la protecci\u00f3n social es uno de los elementos que tipifica una adecuada protecci\u00f3n y una seguridad que garantice los derechos plenos de sus beneficiarios, por lo que espera que el gobierno dominicano ratifique los convenios sobre protecci\u00f3n a la maternidad paternidad, sobre seguridad y salud en el trabajo y sobre los pisos m\u00ednimos de protecci\u00f3n social..<\/p>\n<p>Por su parte, Del R\u00edo Do\u00f1\u00e9 reconoci\u00f3 el esfuerzo del Gobierno y su disposici\u00f3n de incluir en el Seguro Familiar de Salud a 50 mil trabajadoras dom\u00e9sticas y sus dependientes, \u00a0y de ratificar el Convenio 189 de la OIT, para que este grupo laboral disfrute de trabajo decente.<\/p>\n<p>De otro lado, adujo que \u201chay que corregir las falencias contenidas en la ley 87-01, el\u00a0 movimiento sindical ha planteado una profunda modificaci\u00f3n, porque en nuestro pa\u00eds sigue pendiente la igualdad de derecho de los trabajadores a organizarse en defensa de sus intereses. Los empresarios tienen plena libertad para hacerlo y se constituyen en organizaciones, pero a los empleados les limitan esos derechos\u201d.<\/p>\n","protected":false},"excerpt":{"rendered":"<p>GINEBRA &#8211; Las centrales sindicales de la Rep\u00fablica Dominicana se quejaron de los bajos salarios, evasi\u00f3n de pago a la Seguridad Social y violaci\u00f3n a los derechos de libertad sindical en su pa\u00eds en la 105\u00aa conferencia de la Organizaci\u00f3n Internacional del Trabajo (OIT) que se desarrolla en Ginebra desde el primero de junio. Jacobo [&hellip;]<\/p>\n","protected":false},"author":8,"featured_media":11780,"comment_status":"open","ping_status":"open","sticky":false,"template":"","format":"standard","meta":{"footnotes":""},"categories":[40],"tags":[],"class_list":["post-11779","post","type-post","status-publish","format-standard","has-post-thumbnail","hentry","category-internacionales"],"_links":{"self":[{"href":"https:\/\/2horizontes.com\/index.php?rest_route=\/wp\/v2\/posts\/11779","targetHints":{"allow":["GET"]}}],"collection":[{"href":"https:\/\/2horizontes.com\/index.php?rest_route=\/wp\/v2\/posts"}],"about":[{"href":"https:\/\/2horizontes.com\/index.php?rest_route=\/wp\/v2\/types\/post"}],"author":[{"embeddable":true,"href":"https:\/\/2horizontes.com\/index.php?rest_route=\/wp\/v2\/users\/8"}],"replies":[{"embeddable":true,"href":"https:\/\/2horizontes.com\/index.php?rest_route=%2Fwp%2Fv2%2Fcomments&post=11779"}],"version-history":[{"count":1,"href":"https:\/\/2horizontes.com\/index.php?rest_route=\/wp\/v2\/posts\/11779\/revisions"}],"predecessor-version":[{"id":11781,"href":"https:\/\/2horizontes.com\/index.php?rest_route=\/wp\/v2\/posts\/11779\/revisions\/11781"}],"wp:featuredmedia":[{"embeddable":true,"href":"https:\/\/2horizontes.com\/index.php?rest_route=\/wp\/v2\/media\/11780"}],"wp:attachment":[{"href":"https:\/\/2horizontes.com\/index.php?rest_route=%2Fwp%2Fv2%2Fmedia&parent=11779"}],"wp:term":[{"taxonomy":"category","embeddable":true,"href":"https:\/\/2horizontes.com\/index.php?rest_route=%2Fwp%2Fv2%2Fcategories&post=11779"},{"taxonomy":"post_tag","embeddable":true,"href":"https:\/\/2horizontes.com\/index.php?rest_route=%2Fwp%2Fv2%2Ftags&post=11779"}],"curies":[{"name":"wp","href":"https:\/\/api.w.org\/{rel}","templated":true}]}}