{"id":11756,"date":"2015-06-10T16:16:30","date_gmt":"2015-06-10T15:16:30","guid":{"rendered":"http:\/\/2horizontes.com\/?p=11756"},"modified":"2015-06-10T16:16:30","modified_gmt":"2015-06-10T15:16:30","slug":"el-barcelona-se-queda-con-luis-enrique-dos-temporadas-mas","status":"publish","type":"post","link":"https:\/\/2horizontes.com\/?p=11756","title":{"rendered":"El Barcelona se queda con Luis Enrique dos temporadas m\u00e1s"},"content":{"rendered":"<p>El Barcelona confirm\u00f3 el martes la continuidad del entrenador Luis Enrique Mart\u00ednez durante las dos pr\u00f3ximas temporadas. El t\u00e9cnico espa\u00f1ol hab\u00eda alimentado alguna duda despu\u00e9s de manifestar tras la conquista del quinto t\u00edtulo de Champions del club: \u00abA\u00fan no tengo decicido mi futuro\u00bb. El t\u00e9cnico ten\u00eda contrato hasta junio de 2016, pero se hab\u00eda mostrado reticente a anunciar sus planes de futuro tras el triplete conseguido por el Barcelona.<\/p>\n<p>Luis Enrique hab\u00eda mostrado su disconformidad con la destituci\u00f3n de Andoni Zubizarreta como director t\u00e9cnico a principios de enero, el mismo d\u00eda que el equipo perdi\u00f3 en Anoeta contra la Real Sociedad, y el presidente anunci\u00f3 una convocatoria electoral para finales de temporada. Adem\u00e1s de la ampliaci\u00f3n del contrato de Luis Enrique y su equipo t\u00e9cnico, en los \u00faltimos d\u00edas Bartomeu ha renovado a Jordi Alba, Pedro Rodr\u00edguez y Dani Alves. Adem\u00e1s, el Barcelona ha firmado al centrocampista del Sevilla Aleix Vidal. La decisi\u00f3n de renovar a Luis Enrique ha sido la \u00faltima adoptada por Josep Maria Bartomeu antes de presentar la dimisi\u00f3n de su cargo para concurrir a las elecciones del pr\u00f3ximo mes.<\/p>\n","protected":false},"excerpt":{"rendered":"<p>El Barcelona confirm\u00f3 el martes la continuidad del entrenador Luis Enrique Mart\u00ednez durante las dos pr\u00f3ximas temporadas. El t\u00e9cnico espa\u00f1ol hab\u00eda alimentado alguna duda despu\u00e9s de manifestar tras la conquista del quinto t\u00edtulo de Champions del club: \u00abA\u00fan no tengo decicido mi futuro\u00bb. El t\u00e9cnico ten\u00eda contrato hasta junio de 2016, pero se hab\u00eda mostrado [&hellip;]<\/p>\n","protected":false},"author":3,"featured_media":11757,"comment_status":"open","ping_status":"open","sticky":false,"template":"","format":"standard","meta":{"footnotes":""},"categories":[42,85],"tags":[],"class_list":["post-11756","post","type-post","status-publish","format-standard","has-post-thumbnail","hentry","category-deportes","category-espana"],"_links":{"self":[{"href":"https:\/\/2horizontes.com\/index.php?rest_route=\/wp\/v2\/posts\/11756","targetHints":{"allow":["GET"]}}],"collection":[{"href":"https:\/\/2horizontes.com\/index.php?rest_route=\/wp\/v2\/posts"}],"about":[{"href":"https:\/\/2horizontes.com\/index.php?rest_route=\/wp\/v2\/types\/post"}],"author":[{"embeddable":true,"href":"https:\/\/2horizontes.com\/index.php?rest_route=\/wp\/v2\/users\/3"}],"replies":[{"embeddable":true,"href":"https:\/\/2horizontes.com\/index.php?rest_route=%2Fwp%2Fv2%2Fcomments&post=11756"}],"version-history":[{"count":1,"href":"https:\/\/2horizontes.com\/index.php?rest_route=\/wp\/v2\/posts\/11756\/revisions"}],"predecessor-version":[{"id":11758,"href":"https:\/\/2horizontes.com\/index.php?rest_route=\/wp\/v2\/posts\/11756\/revisions\/11758"}],"wp:featuredmedia":[{"embeddable":true,"href":"https:\/\/2horizontes.com\/index.php?rest_route=\/wp\/v2\/media\/11757"}],"wp:attachment":[{"href":"https:\/\/2horizontes.com\/index.php?rest_route=%2Fwp%2Fv2%2Fmedia&parent=11756"}],"wp:term":[{"taxonomy":"category","embeddable":true,"href":"https:\/\/2horizontes.com\/index.php?rest_route=%2Fwp%2Fv2%2Fcategories&post=11756"},{"taxonomy":"post_tag","embeddable":true,"href":"https:\/\/2horizontes.com\/index.php?rest_route=%2Fwp%2Fv2%2Ftags&post=11756"}],"curies":[{"name":"wp","href":"https:\/\/api.w.org\/{rel}","templated":true}]}}