{"id":11729,"date":"2015-06-10T15:23:51","date_gmt":"2015-06-10T14:23:51","guid":{"rendered":"http:\/\/2horizontes.com\/?p=11729"},"modified":"2015-06-10T15:25:10","modified_gmt":"2015-06-10T14:25:10","slug":"leonardo-padura-gana-el-premio-princesa-de-asturias-de-las-letras-en-el-ano-de-cuba","status":"publish","type":"post","link":"https:\/\/2horizontes.com\/?p=11729","title":{"rendered":"Leonardo Padura gana el premio Princesa de Asturias de las Letras en el a\u00f1o de Cuba"},"content":{"rendered":"<p>Habr\u00e1 que ver a Leonardo Padura vestido de traje el pr\u00f3ximo oto\u00f1o, en Oviedo, camino del Teatro Campoamor: saludar\u00e1 a reyes y princesas y seguramente lea un bonito discurso sobre su barrio (<strong>que se llama Mantilla y no est\u00e1 dentro de esa &#8216;Habana bonita&#8217; por la que pasean los europeos<\/strong>) y sobre Cuba, que se abre al mundo, quiz\u00e1 no como \u00e9l quisiera, como quisi\u00e9ramos todos, pero algo es algo, \u00bfverdad? Entonces le dar\u00e1n el Premio Princesa de Asturias de las Letras y todos haremos recuento de sus libros y de su vida, que son tan sugerentes los unos como la otra. El jurado del Premio ha elegido esta ma\u00f1ana al escritor cubano para su palmar\u00e9s y alguien, a estas horas, se preguntar\u00e1 si es f\u00e1cil encontrar un traje de caballero m\u00e1s o menos bueno en La Habana.<\/p>\n<div id=\"tt-wrapper4cb8877\" class=\"tt-wrapper inread \">\n<div id=\"tt-container4cb8877\" class=\"tt-container inread \">\n<div id=\"tt-mute4cb8877\"><\/div>\n<div id=\"tt-player4cb8877\" class=\"tt-player inread \">Padura dice que la clave para entender su vida es su apego a las cosas, el sentido de la lealtad: al barrio, a su mujer, a Cuba, a la literatura&#8230; El escritor vive en la casa de su padre. \u00abUn d\u00eda, mi padre nos dijo c\u00f3mo quer\u00eda su funeral, los sitios por los que quer\u00eda que pasase la carroza f\u00fanebre: la casa de su madre, la casa que \u00e9l construy\u00f3, la bodega que abri\u00f3 con su hermano, la logia mas\u00f3nica que fund\u00f3, la estaci\u00f3n de omnib\u00fas en la que trabaj\u00f3&#8230; \u00bfY sabe cu\u00e1l es la distancia m\u00e1s larga entre esos cinco lugares? 250 metros. A m\u00ed cuando me hablan de patria me suena todo un poco abstracto. Pero esos 250 metros son otra cosa\u00bb, explic\u00f3 a EL MUNDO en una entrevista publicada en marzo pasado.<\/div>\n<\/div>\n<\/div>\n<p>Pero una cosa es eso y otra, vivir en un cascar\u00f3n. Padura fue a la universidad en los 70, se hizo periodista, embarc\u00f3 hacia <strong>la guerra de Angola<\/strong>, aunque no fuera para combatir sino para hacer alg\u00fan trabajo administrativo m\u00e1s o menos inocuo, sobrevivi\u00f3 al Periodo Especial y, justo en ese momento de hambre y liptimias colectivas, decidi\u00f3 dejarse de vainas y escribir. Mand\u00f3 el manuscrito de &#8216;M\u00e1scaras&#8217; al premio Caf\u00e9 de Gij\u00f3n y lo siguiente fue una llamada de Beatriz de Moura para decirle que preparara el pasaporte, que hab\u00eda ganado. Padura recuerda siempre que la editora de Tusquets, su editora de siempre, tuvo que llamarle a casa de los vecinos porque<strong> en la suya no hab\u00eda tel\u00e9fono<\/strong>.<\/p>\n","protected":false},"excerpt":{"rendered":"<p>Habr\u00e1 que ver a Leonardo Padura vestido de traje el pr\u00f3ximo oto\u00f1o, en Oviedo, camino del Teatro Campoamor: saludar\u00e1 a reyes y princesas y seguramente lea un bonito discurso sobre su barrio (que se llama Mantilla y no est\u00e1 dentro de esa &#8216;Habana bonita&#8217; por la que pasean los europeos) y sobre Cuba, que se [&hellip;]<\/p>\n","protected":false},"author":3,"featured_media":11730,"comment_status":"open","ping_status":"open","sticky":false,"template":"","format":"standard","meta":{"footnotes":""},"categories":[62],"tags":[],"class_list":["post-11729","post","type-post","status-publish","format-standard","has-post-thumbnail","hentry","category-cultura"],"_links":{"self":[{"href":"https:\/\/2horizontes.com\/index.php?rest_route=\/wp\/v2\/posts\/11729","targetHints":{"allow":["GET"]}}],"collection":[{"href":"https:\/\/2horizontes.com\/index.php?rest_route=\/wp\/v2\/posts"}],"about":[{"href":"https:\/\/2horizontes.com\/index.php?rest_route=\/wp\/v2\/types\/post"}],"author":[{"embeddable":true,"href":"https:\/\/2horizontes.com\/index.php?rest_route=\/wp\/v2\/users\/3"}],"replies":[{"embeddable":true,"href":"https:\/\/2horizontes.com\/index.php?rest_route=%2Fwp%2Fv2%2Fcomments&post=11729"}],"version-history":[{"count":1,"href":"https:\/\/2horizontes.com\/index.php?rest_route=\/wp\/v2\/posts\/11729\/revisions"}],"predecessor-version":[{"id":11731,"href":"https:\/\/2horizontes.com\/index.php?rest_route=\/wp\/v2\/posts\/11729\/revisions\/11731"}],"wp:featuredmedia":[{"embeddable":true,"href":"https:\/\/2horizontes.com\/index.php?rest_route=\/wp\/v2\/media\/11730"}],"wp:attachment":[{"href":"https:\/\/2horizontes.com\/index.php?rest_route=%2Fwp%2Fv2%2Fmedia&parent=11729"}],"wp:term":[{"taxonomy":"category","embeddable":true,"href":"https:\/\/2horizontes.com\/index.php?rest_route=%2Fwp%2Fv2%2Fcategories&post=11729"},{"taxonomy":"post_tag","embeddable":true,"href":"https:\/\/2horizontes.com\/index.php?rest_route=%2Fwp%2Fv2%2Ftags&post=11729"}],"curies":[{"name":"wp","href":"https:\/\/api.w.org\/{rel}","templated":true}]}}