{"id":11677,"date":"2015-06-10T10:31:15","date_gmt":"2015-06-10T09:31:15","guid":{"rendered":"http:\/\/2horizontes.com\/?p=11677"},"modified":"2015-06-10T10:31:15","modified_gmt":"2015-06-10T09:31:15","slug":"expresidente-de-panama-martinelli-alega-persecucion-politica-ante-admision-causa-penal-en-su-contra","status":"publish","type":"post","link":"https:\/\/2horizontes.com\/?p=11677","title":{"rendered":"Expresidente de Panam\u00e1 Martinelli alega persecuci\u00f3n pol\u00edtica ante admisi\u00f3n causa penal en su contra"},"content":{"rendered":"<div id=\"ArticleAuthorDiv\" class=\"article-body-author\"><b>EFE<\/b><\/div>\n<div id=\"ArticleSourceDiv\" class=\"article-body-author\"><b>Panam\u00e1<\/b><\/div>\n<div id=\"ArticleBody\">\n<p>El expresidente paname\u00f1o Ricardo Martinelli (2009-2014) asegur\u00f3 ser un perseguido pol\u00edtico, tras la admisi\u00f3n por parte del Supremo de Justicia del pa\u00eds de una causa penal en su contra por haber incurrido en supuestas escuchas ilegales durante su administraci\u00f3n.<\/p>\n<p>\u00abSoy un perseguido pol\u00edtico y no ser\u00e9 el \u00faltimo\u00bb, dijo el exmandatario en su cuenta de Twitter.<\/p>\n<p>La Corte Suprema de Justicia (CSJ) admiti\u00f3 la causa penal contra Martinelli, diputado del Parlamento Centroamericano (Parlacen), por los presuntos delitos contra la inviolabilidad del secreto y el derecho a la intimidad, adem\u00e1s de peculado, abuso de autoridad, asociaci\u00f3n il\u00edcita y atentar contra la seguridad inform\u00e1tica.<\/p>\n<p>El expresidente reclam\u00f3 este lunes en la noche que en Panam\u00e1 no se respete el articulado de la Constituci\u00f3n que regula los motivos por los cuales se puede atribuir responsabilidades a un mandatario.<\/p>\n<p>\u00abEl que me acusen por escuchas cuando el art\u00edculo 191 de la constituci\u00f3n es claro. No hay ley\u00bb, dijo escuetamente Martinelli en su cuenta de la red social mencionada.<\/p>\n<p>El art\u00edculo 191 de la Carta Maga establece que los presidentes y vicepresidentes solo ser\u00e1n responsables por: extralimitaci\u00f3n de funciones; actos de violencia o coacci\u00f3n contra los poderes electorales y legislativos; y por delitos contra la personalidad internacional del Estado o contra la Administraci\u00f3n P\u00fablica.<\/p>\n<p>Esta es la segunda investigaci\u00f3n abierta al expresidente Martinelli por la CSJ.<\/p>\n<p>En enero, la Corte inici\u00f3 una causa a Martinelli por la supuesta comisi\u00f3n de delitos contra la administraci\u00f3n p\u00fablica, por irregularidades en la contrataci\u00f3n de una empresa para la compra de comida deshidratada para escuelas p\u00fablicas.<\/p>\n<p>El pleno extraordinario de magistrados fue convocado para analizar las querellas remitidas por la Fiscal\u00eda Auxiliar del Ministerio P\u00fablico (MP) a la CSJ, instancia competente para juzgar a un exmandatario en Panam\u00e1.<\/p>\n<p>Martinelli est\u00e1 fuera del pa\u00eds desde que sali\u00f3 de Panam\u00e1 el 28 de enero pasado, horas antes de que la CSJ decidiera abrir una investigaci\u00f3n contra \u00e9l por supuestos delitos contra la administraci\u00f3n p\u00fablica.<\/p>\n<p>Una fuente judicial explic\u00f3 a Efe que lo que sigue ahora es el inicio de la investigaci\u00f3n por parte del magistrado fiscal, que puede durar 2 meses, y en la que no se requiere que est\u00e9 presente Martinelli, a menos, dijo, que se le imputen cargos en la audiencia respectiva o se le dictaminen medidas cautelares.<\/p>\n<p>La audiencia se enmarca en el proceso seguido de oficio a cuatro exfuncionarios por la supuesta comisi\u00f3n del delito contra la libertad en la modalidad de delitos contra la inviolabilidad del secreto y el derecho a la intimidad.<\/p>\n<p>Dos de los investigados, los ex secretarios ejecutivos del Consejo de Seguridad Nacional (CSN) en el Gobierno de Martinelli, Gustavo P\u00e9rez y Alejandro Gar\u00faz, permanecen detenidos de manera preventiva, y dos de ellos est\u00e1n en paradero desconocido.<\/p>\n<p>En febrero pasado, el MP inform\u00f3 que para esa fecha recibi\u00f3 un total de 44 declaraciones juradas de personas v\u00edctimas de estas supuesta vulneraci\u00f3n de sus derechos fundamentales en el caso de las escuchas ilegales.<\/p>\n<p>Los pinchazos telef\u00f3nicos fueron operados por personal del CSN con un equipo tecnol\u00f3gico de espionaje comprado a una empresa israelita, y que hoy d\u00eda se encuentra desaparecido, revel\u00f3 la fiscal\u00eda tras sus investigaciones.<\/p>\n<\/div>\n","protected":false},"excerpt":{"rendered":"<p>EFE Panam\u00e1 El expresidente paname\u00f1o Ricardo Martinelli (2009-2014) asegur\u00f3 ser un perseguido pol\u00edtico, tras la admisi\u00f3n por parte del Supremo de Justicia del pa\u00eds de una causa penal en su contra por haber incurrido en supuestas escuchas ilegales durante su administraci\u00f3n. \u00abSoy un perseguido pol\u00edtico y no ser\u00e9 el \u00faltimo\u00bb, dijo el exmandatario en su [&hellip;]<\/p>\n","protected":false},"author":7,"featured_media":11678,"comment_status":"open","ping_status":"open","sticky":false,"template":"","format":"standard","meta":{"footnotes":""},"categories":[40,43],"tags":[],"class_list":["post-11677","post","type-post","status-publish","format-standard","has-post-thumbnail","hentry","category-internacionales","category-politica"],"_links":{"self":[{"href":"https:\/\/2horizontes.com\/index.php?rest_route=\/wp\/v2\/posts\/11677","targetHints":{"allow":["GET"]}}],"collection":[{"href":"https:\/\/2horizontes.com\/index.php?rest_route=\/wp\/v2\/posts"}],"about":[{"href":"https:\/\/2horizontes.com\/index.php?rest_route=\/wp\/v2\/types\/post"}],"author":[{"embeddable":true,"href":"https:\/\/2horizontes.com\/index.php?rest_route=\/wp\/v2\/users\/7"}],"replies":[{"embeddable":true,"href":"https:\/\/2horizontes.com\/index.php?rest_route=%2Fwp%2Fv2%2Fcomments&post=11677"}],"version-history":[{"count":1,"href":"https:\/\/2horizontes.com\/index.php?rest_route=\/wp\/v2\/posts\/11677\/revisions"}],"predecessor-version":[{"id":11679,"href":"https:\/\/2horizontes.com\/index.php?rest_route=\/wp\/v2\/posts\/11677\/revisions\/11679"}],"wp:featuredmedia":[{"embeddable":true,"href":"https:\/\/2horizontes.com\/index.php?rest_route=\/wp\/v2\/media\/11678"}],"wp:attachment":[{"href":"https:\/\/2horizontes.com\/index.php?rest_route=%2Fwp%2Fv2%2Fmedia&parent=11677"}],"wp:term":[{"taxonomy":"category","embeddable":true,"href":"https:\/\/2horizontes.com\/index.php?rest_route=%2Fwp%2Fv2%2Fcategories&post=11677"},{"taxonomy":"post_tag","embeddable":true,"href":"https:\/\/2horizontes.com\/index.php?rest_route=%2Fwp%2Fv2%2Ftags&post=11677"}],"curies":[{"name":"wp","href":"https:\/\/api.w.org\/{rel}","templated":true}]}}