{"id":11667,"date":"2015-06-10T10:12:35","date_gmt":"2015-06-10T09:12:35","guid":{"rendered":"http:\/\/2horizontes.com\/?p=11667"},"modified":"2015-06-10T10:12:35","modified_gmt":"2015-06-10T09:12:35","slug":"el-expresidente-espanol-gonzalez-dejo-venezuela-al-no-obtener-permiso-para-ver-a-opositores-presos","status":"publish","type":"post","link":"https:\/\/2horizontes.com\/?p=11667","title":{"rendered":"El expresidente espa\u00f1ol Gonz\u00e1lez dej\u00f3 Venezuela al no obtener permiso para ver a opositores presos"},"content":{"rendered":"<div id=\"ArticleAuthorDiv\" class=\"article-body-author\"><b>EFE<\/b><\/div>\n<div id=\"ArticleSourceDiv\" class=\"article-body-author\"><b>CARACAS, Venezuela<\/b><\/div>\n<div id=\"ArticleBody\">\n<p>El expresidente del Gobierno espa\u00f1ol Felipe Gonz\u00e1lez abandon\u00f3 Caracas rumbo a Bogot\u00e1 despu\u00e9s de que las autoridades venezolanas no le concedieran los permisos para visitar a los l\u00edderes opositores encarcelados ni asistir a las vistas de sus juicios, informaron a Efe fuentes diplom\u00e1ticas.<\/p>\n<p>Gonz\u00e1lez sali\u00f3 del aeropuerto de Maiquet\u00eda, que sirve a Caracas, sobre las 11.20 hora local (15.50 GMT), rumbo a la capital colombiana.<\/p>\n<p>Juan Carlos Guti\u00e9rrez, abogado del opositor Leopoldo L\u00f3pez, explic\u00f3 a Efe que Gonz\u00e1lez solicit\u00f3 visitar al l\u00edder de Voluntad Popular en la c\u00e1rcel de Ramo Verde y tambi\u00e9n al exalcalde de San Cristobal Daniel Ceballos, que se encuentra recluido en la prisi\u00f3n de San Juan de los Morros, a unos cien kil\u00f3metros de Caracas, y con cuya defensa tambi\u00e9n est\u00e1 colaborando.<\/p>\n<p>Igualmente, el expresidente del Gobierno espa\u00f1ol pidi\u00f3 poder asistir como p\u00fablico, ya que como participante en la defensa se lo hab\u00edan denegado, tanto a la vista del juicio de L\u00f3pez, prevista para el mi\u00e9rcoles, como a la vista preliminar del caso del alcalde de Caracas, Antonio Ledezma, prevista para hoy y que finalmente fue suspendida.<\/p>\n<p>Ambas peticiones no recibieron respuesta oficial ni por parte del Gobierno ni por parte de los jueces venezolanos por lo que Gonz\u00e1lez decidi\u00f3 no confrontar esa decisi\u00f3n, seg\u00fan Guti\u00e9rrez.<\/p>\n<p>\u00abSe han presentado todos los documentos para que las autoridades permitieran que fuera al juicio y que pudiera ingresar en las c\u00e1rceles, pero no se ha obtenido respuesta oficial por escrito y me parece correcta la postura de Gonz\u00e1lez de mantener una l\u00ednea de respeto institucional a las autoridades de Venezuela\u00bb, afirm\u00f3 el abogado.<\/p>\n<p>Guti\u00e9rrez dijo que tanto \u00e9l como Gonz\u00e1lez \u00abno descartan\u00bb que este \u00faltimo regrese a Venezuela \u00aben el momento en que las autoridades venezolanas le permitan asistir a los juicios o visitar a los presos\u00bb.<\/p>\n<p>\u00ab\u00c9l no quiere una confrontaci\u00f3n con el Gobierno, no quiere infringir la ley\u00bb, recalc\u00f3.<\/p>\n<p>El letrado asegur\u00f3 que \u00abno existe ninguna limitaci\u00f3n jur\u00eddica para que no se le deje asistir al juicio como p\u00fablico\u00bb ya que para ello las \u00fanicas limitaciones son las de la capacidad de la sala.<\/p>\n<p>Por su parte, Omar Estacio, abogado de Ledezma, tambi\u00e9n se\u00f1al\u00f3 que Gonz\u00e1lez le expres\u00f3 \u00absu voluntad de regresar a Venezuela en cuanto el Gobierno venezolano le permita el acceso a los detenidos\u00bb.<\/p>\n<p>El exdirigente socialista espa\u00f1ol lleg\u00f3 a Caracas el pasado domingo y se ha entrevistado estos d\u00edas con las familias de los opositores presos, adem\u00e1s de reunirse con los dirigentes de la alianza opositora Mesa de la Unidad Democr\u00e1tica (MUD).<\/p>\n<p>L\u00f3pez y Ceballos se encuentran en prisi\u00f3n y son enjuiciados por supuestas acciones violentas relacionadas con las protestas antigubernamentales de 2014; mientras Ledezma es acusado de supuesta conspiraci\u00f3n y asociaci\u00f3n para delinquir.<\/p>\n<p>Adem\u00e1s, ayer entreg\u00f3 al periodista venezolano Teodoro Petkoff el premio de periodismo Ortega y Gasset que Gonz\u00e1lez recogi\u00f3 en su nombre en abril pasado en Madrid.<\/p>\n<\/div>\n","protected":false},"excerpt":{"rendered":"<p>EFE CARACAS, Venezuela El expresidente del Gobierno espa\u00f1ol Felipe Gonz\u00e1lez abandon\u00f3 Caracas rumbo a Bogot\u00e1 despu\u00e9s de que las autoridades venezolanas no le concedieran los permisos para visitar a los l\u00edderes opositores encarcelados ni asistir a las vistas de sus juicios, informaron a Efe fuentes diplom\u00e1ticas. Gonz\u00e1lez sali\u00f3 del aeropuerto de Maiquet\u00eda, que sirve a [&hellip;]<\/p>\n","protected":false},"author":7,"featured_media":11669,"comment_status":"open","ping_status":"open","sticky":false,"template":"","format":"standard","meta":{"footnotes":""},"categories":[40,43,48],"tags":[],"class_list":["post-11667","post","type-post","status-publish","format-standard","has-post-thumbnail","hentry","category-internacionales","category-politica","category-venezuela"],"_links":{"self":[{"href":"https:\/\/2horizontes.com\/index.php?rest_route=\/wp\/v2\/posts\/11667","targetHints":{"allow":["GET"]}}],"collection":[{"href":"https:\/\/2horizontes.com\/index.php?rest_route=\/wp\/v2\/posts"}],"about":[{"href":"https:\/\/2horizontes.com\/index.php?rest_route=\/wp\/v2\/types\/post"}],"author":[{"embeddable":true,"href":"https:\/\/2horizontes.com\/index.php?rest_route=\/wp\/v2\/users\/7"}],"replies":[{"embeddable":true,"href":"https:\/\/2horizontes.com\/index.php?rest_route=%2Fwp%2Fv2%2Fcomments&post=11667"}],"version-history":[{"count":1,"href":"https:\/\/2horizontes.com\/index.php?rest_route=\/wp\/v2\/posts\/11667\/revisions"}],"predecessor-version":[{"id":11670,"href":"https:\/\/2horizontes.com\/index.php?rest_route=\/wp\/v2\/posts\/11667\/revisions\/11670"}],"wp:featuredmedia":[{"embeddable":true,"href":"https:\/\/2horizontes.com\/index.php?rest_route=\/wp\/v2\/media\/11669"}],"wp:attachment":[{"href":"https:\/\/2horizontes.com\/index.php?rest_route=%2Fwp%2Fv2%2Fmedia&parent=11667"}],"wp:term":[{"taxonomy":"category","embeddable":true,"href":"https:\/\/2horizontes.com\/index.php?rest_route=%2Fwp%2Fv2%2Fcategories&post=11667"},{"taxonomy":"post_tag","embeddable":true,"href":"https:\/\/2horizontes.com\/index.php?rest_route=%2Fwp%2Fv2%2Ftags&post=11667"}],"curies":[{"name":"wp","href":"https:\/\/api.w.org\/{rel}","templated":true}]}}