{"id":116,"date":"2014-03-13T17:13:53","date_gmt":"2014-03-13T17:13:53","guid":{"rendered":"http:\/\/2horizontes.com\/?p=116"},"modified":"2014-03-13T21:24:21","modified_gmt":"2014-03-13T21:24:21","slug":"la-comunidad-quiere-nuevos-hospitales","status":"publish","type":"post","link":"https:\/\/2horizontes.com\/?p=116","title":{"rendered":"La Comunidad quiere nuevos hospitales"},"content":{"rendered":"<p>El informe sobre la colaboraci\u00f3n sanitaria &#8216;p\u00fablico-privada&#8217; por comunidades aut\u00f3nomas que present\u00f3 ayer el<strong> Instituto para el Desarrollo e Integraci\u00f3n de la Sanidad<\/strong> (IDIS) deja sin argumentos a los que desde hace a\u00f1os argumentan que la Comunidad Valenciana es por su &#8216;modelo Alzira&#8217; una de las comunidades con m\u00e1s presencia del sector privado en la sanidad p\u00fablica. M\u00e1s bien al contrario, en t\u00e9rminos relativos -en funci\u00f3n de su poblaci\u00f3n y de su presupuesto sanitario-, la valenciana es la comunidad que ocupa el puesto n\u00famero 11 con un gasto en contrataci\u00f3n de hospitales y cl\u00ednicas privadas que supone el 6,6% del total de su gasto en sanidad.<\/p>\n<p>Llama poderosamente la atenci\u00f3n que en las primeras posiciones de contrataci\u00f3n &#8216;p\u00fablico-privada&#8217; se encuentre <strong>Catalu\u00f1a (CiU) a mucha diferencia del resto<\/strong>, con un 24,1% del total de montante que dedica a sanidad, y le siguen Canarias (Coalici\u00f3n Canaria) y Baleares (PP) que dedican respectivamente el 10,3% y el 8,8% de su presupuesto. Luego le siguen Madrid (8,5%), Navarra (7,6%), La Rioja (7,3%), Murcia (7,2%), Asturias donde gobierna el PSOE (7,2%), Pa\u00eds Vasco con gobierno del PNV (7%) y Castilla-La Mancha (6,7%).<\/p>\n<p><strong>Espa\u00f1a destina al a\u00f1o cerca de 7.600 millones de euros a la contrataci\u00f3n de servicios privados<\/strong> que al concretarse por autonom\u00edas<strong> Catalu\u00f1a<\/strong> vuelve a encabezar el listado con el mayor volumen de contrataci\u00f3n &#8216;p\u00fablico-privada&#8217; porque destinar alrededor de un cuarto de su presupuesto sanitario a este concepto (2.450 millones de euros). Le siguen las comunidades de <strong>Madrid<\/strong> (713,7 millones de euros), <strong>Andaluc\u00eda<\/strong> (446,6 millones de euros) y la <strong>Comunidad Valenciana <\/strong>(442,3 millones de euros).<\/p>\n<p>El informe sobre la colaboraci\u00f3n sanitaria &#8216;p\u00fablico-privada&#8217; por comunidades aut\u00f3nomas que present\u00f3 ayer el<strong> Instituto para el Desarrollo e Integraci\u00f3n de la Sanidad<\/strong> (IDIS) deja sin argumentos a los que desde hace a\u00f1os argumentan que la Comunidad Valenciana es por su &#8216;modelo Alzira&#8217; una de las comunidades con m\u00e1s presencia del sector privado en la sanidad p\u00fablica. M\u00e1s bien al contrario, en t\u00e9rminos relativos -en funci\u00f3n de su poblaci\u00f3n y de su presupuesto sanitario-, la valenciana es la comunidad que ocupa el puesto n\u00famero 11 con un gasto en contrataci\u00f3n de hospitales y cl\u00ednicas privadas que supone el 6,6% del total de su gasto en sanidad.<\/p>\n<p>Llama poderosamente la atenci\u00f3n que en las primeras posiciones de contrataci\u00f3n &#8216;p\u00fablico-privada&#8217; se encuentre <strong>Catalu\u00f1a (CiU) a mucha diferencia del resto<\/strong>, con un 24,1% del total de montante que dedica a sanidad, y le siguen Canarias (Coalici\u00f3n Canaria) y Baleares (PP) que dedican respectivamente el 10,3% y el 8,8% de su presupuesto. Luego le siguen Madrid (8,5%), Navarra (7,6%), La Rioja (7,3%), Murcia (7,2%), Asturias donde gobierna el PSOE (7,2%), Pa\u00eds Vasco con gobierno del PNV (7%) y Castilla-La Mancha (6,7%).<\/p>\n<p><strong>Espa\u00f1a destina al a\u00f1o cerca de 7.600 millones de euros a la contrataci\u00f3n de servicios privados<\/strong> que al concretarse por autonom\u00edas<strong> Catalu\u00f1a<\/strong> vuelve a encabezar el listado con el mayor volumen de contrataci\u00f3n &#8216;p\u00fablico-privada&#8217; porque destinar alrededor de un cuarto de su presupuesto sanitario a este concepto (2.450 millones de euros). Le siguen las comunidades de <strong>Madrid<\/strong> (713,7 millones de euros), <strong>Andaluc\u00eda<\/strong> (446,6 millones de euros) y la <strong>Comunidad Valenciana <\/strong>(442,3 millones de euros).<\/p>\n","protected":false},"excerpt":{"rendered":"<p>El informe sobre la colaboraci\u00f3n sanitaria &#8216;p\u00fablico-privada&#8217; por comunidades aut\u00f3nomas que present\u00f3 ayer el Instituto para el Desarrollo e Integraci\u00f3n de la Sanidad (IDIS) deja sin argumentos a los que desde hace a\u00f1os argumentan que la Comunidad Valenciana es por su &#8216;modelo Alzira&#8217; una de las comunidades con m\u00e1s presencia del sector privado en la [&hellip;]<\/p>\n","protected":false},"author":1,"featured_media":0,"comment_status":"open","ping_status":"open","sticky":false,"template":"","format":"standard","meta":{"footnotes":""},"categories":[1],"tags":[],"class_list":["post-116","post","type-post","status-publish","format-standard","hentry","category-entretenimiento"],"_links":{"self":[{"href":"https:\/\/2horizontes.com\/index.php?rest_route=\/wp\/v2\/posts\/116","targetHints":{"allow":["GET"]}}],"collection":[{"href":"https:\/\/2horizontes.com\/index.php?rest_route=\/wp\/v2\/posts"}],"about":[{"href":"https:\/\/2horizontes.com\/index.php?rest_route=\/wp\/v2\/types\/post"}],"author":[{"embeddable":true,"href":"https:\/\/2horizontes.com\/index.php?rest_route=\/wp\/v2\/users\/1"}],"replies":[{"embeddable":true,"href":"https:\/\/2horizontes.com\/index.php?rest_route=%2Fwp%2Fv2%2Fcomments&post=116"}],"version-history":[{"count":1,"href":"https:\/\/2horizontes.com\/index.php?rest_route=\/wp\/v2\/posts\/116\/revisions"}],"predecessor-version":[{"id":117,"href":"https:\/\/2horizontes.com\/index.php?rest_route=\/wp\/v2\/posts\/116\/revisions\/117"}],"wp:attachment":[{"href":"https:\/\/2horizontes.com\/index.php?rest_route=%2Fwp%2Fv2%2Fmedia&parent=116"}],"wp:term":[{"taxonomy":"category","embeddable":true,"href":"https:\/\/2horizontes.com\/index.php?rest_route=%2Fwp%2Fv2%2Fcategories&post=116"},{"taxonomy":"post_tag","embeddable":true,"href":"https:\/\/2horizontes.com\/index.php?rest_route=%2Fwp%2Fv2%2Ftags&post=116"}],"curies":[{"name":"wp","href":"https:\/\/api.w.org\/{rel}","templated":true}]}}