{"id":11592,"date":"2015-06-09T18:57:01","date_gmt":"2015-06-09T17:57:01","guid":{"rendered":"http:\/\/2horizontes.com\/?p=11592"},"modified":"2015-06-09T18:57:01","modified_gmt":"2015-06-09T17:57:01","slug":"estiman-cumbre-permitira-a-rd-enfrentar-reto","status":"publish","type":"post","link":"https:\/\/2horizontes.com\/?p=11592","title":{"rendered":"Estiman Cumbre permitir\u00e1 a RD enfrentar reto"},"content":{"rendered":"<p>LAS AMERIACAS-El ministro de Relaciones Exteriores, Andr\u00e9s Navarro, declar\u00f3 que la participaci\u00f3n de Rep\u00fablica Dominicana en la Segunda Cumbre de Jefes de Estado y de Gobierno de la Comunidad de Estados Latinoamericanos y Caribe\u00f1os (CELAC) y la Uni\u00f3n Europea, contribuir\u00e1 para que el pa\u00eds madure ante el reto que tiene de asumir la presidencia del evento.<\/p>\n<p>Abordado antes de su salida al exterior, Navarro dijo que el c\u00f3nclave representa para el pa\u00eds vivir un momento especial ante el reto que tiene de asumir el pr\u00f3ximo a\u00f1o la presidencial del evento internacional previsto para el mes de enero del a\u00f1o 2016.<\/p>\n<p>Resalt\u00f3 que\u00a0 la Cumbre le servir\u00e1 tambi\u00e9n para que el pa\u00eds vaya madurando de lo que har\u00e1 en cuanto a la programaci\u00f3n de trabajo en el CELAC, bajo la presidencia de Rep\u00fablica Dominicana.<\/p>\n<p>El funcionario explic\u00f3 que Rep\u00fablica Dominicana tiene una posici\u00f3n\u00a0 muy clara en torno a las caracter\u00edsticas de su gesti\u00f3n en lo relativo al per\u00edodo 2016-2017.<\/p>\n<p>A\u00f1adi\u00f3 que especialmente se est\u00e1 tratando de focalizar en los temas que m\u00e1s pueden unir la naci\u00f3n en el hemisferio, y a la vez d\u00e1ndole continuidad a los trabajos que ha venido haciendo Ecuador al frente de la presidencia del evento en la actualidad.<\/p>\n<p>Agreg\u00f3 que paralelamente a la celebraci\u00f3n de la Cumbre de Presidentes se desarrollar\u00e1 una reuni\u00f3n de empresarios el pr\u00f3ximo d\u00eda 10 en la que se prev\u00e9 participe un importante grupo de empresarios dominicanos.<\/p>\n<p>Entrevistado en el aeropuerto Las Am\u00e9ricas, previo a su viaje a Bruselas, el canciller Navarro dijo que esa participaci\u00f3n aumenta el car\u00e1cter estrat\u00e9gico de las relaciones de Rep\u00fablica Dominicana con la Uni\u00f3n Europea, porque ya no se queda en temas pol\u00edticos y de cooperaci\u00f3n, sino en temas de inversi\u00f3n e intercambio comercial.<\/p>\n<p>Agreg\u00f3, que se tiene previsto adem\u00e1s una importante reuni\u00f3n de los pa\u00edses del Sistema Integraci\u00f3n\u00a0 Centroamericana (SICA), con la Uni\u00f3n Europea. Destac\u00f3 que los d\u00edas 10 y 11 de este mismo mes habr\u00e1 una agenda bien cargada para la delegaci\u00f3n de la Rep\u00fablica Dominicana\u00a0 y los representantes de los pa\u00edses que participar\u00e1n en esa importante Cumbre.<\/p>\n","protected":false},"excerpt":{"rendered":"<p>LAS AMERIACAS-El ministro de Relaciones Exteriores, Andr\u00e9s Navarro, declar\u00f3 que la participaci\u00f3n de Rep\u00fablica Dominicana en la Segunda Cumbre de Jefes de Estado y de Gobierno de la Comunidad de Estados Latinoamericanos y Caribe\u00f1os (CELAC) y la Uni\u00f3n Europea, contribuir\u00e1 para que el pa\u00eds madure ante el reto que tiene de asumir la presidencia del [&hellip;]<\/p>\n","protected":false},"author":8,"featured_media":11596,"comment_status":"open","ping_status":"open","sticky":false,"template":"","format":"standard","meta":{"footnotes":""},"categories":[40,43],"tags":[],"class_list":["post-11592","post","type-post","status-publish","format-standard","has-post-thumbnail","hentry","category-internacionales","category-politica"],"_links":{"self":[{"href":"https:\/\/2horizontes.com\/index.php?rest_route=\/wp\/v2\/posts\/11592","targetHints":{"allow":["GET"]}}],"collection":[{"href":"https:\/\/2horizontes.com\/index.php?rest_route=\/wp\/v2\/posts"}],"about":[{"href":"https:\/\/2horizontes.com\/index.php?rest_route=\/wp\/v2\/types\/post"}],"author":[{"embeddable":true,"href":"https:\/\/2horizontes.com\/index.php?rest_route=\/wp\/v2\/users\/8"}],"replies":[{"embeddable":true,"href":"https:\/\/2horizontes.com\/index.php?rest_route=%2Fwp%2Fv2%2Fcomments&post=11592"}],"version-history":[{"count":1,"href":"https:\/\/2horizontes.com\/index.php?rest_route=\/wp\/v2\/posts\/11592\/revisions"}],"predecessor-version":[{"id":11599,"href":"https:\/\/2horizontes.com\/index.php?rest_route=\/wp\/v2\/posts\/11592\/revisions\/11599"}],"wp:featuredmedia":[{"embeddable":true,"href":"https:\/\/2horizontes.com\/index.php?rest_route=\/wp\/v2\/media\/11596"}],"wp:attachment":[{"href":"https:\/\/2horizontes.com\/index.php?rest_route=%2Fwp%2Fv2%2Fmedia&parent=11592"}],"wp:term":[{"taxonomy":"category","embeddable":true,"href":"https:\/\/2horizontes.com\/index.php?rest_route=%2Fwp%2Fv2%2Fcategories&post=11592"},{"taxonomy":"post_tag","embeddable":true,"href":"https:\/\/2horizontes.com\/index.php?rest_route=%2Fwp%2Fv2%2Ftags&post=11592"}],"curies":[{"name":"wp","href":"https:\/\/api.w.org\/{rel}","templated":true}]}}