{"id":11573,"date":"2015-06-09T18:26:19","date_gmt":"2015-06-09T17:26:19","guid":{"rendered":"http:\/\/2horizontes.com\/?p=11573"},"modified":"2015-06-09T18:26:19","modified_gmt":"2015-06-09T17:26:19","slug":"hombre-mata-a-cuchilladas-a-su-ex-concubina-en-san-juan-de-la-maguana","status":"publish","type":"post","link":"https:\/\/2horizontes.com\/?p=11573","title":{"rendered":"hombre mata a cuchilladas a su ex concubina en San Juan de la Maguana"},"content":{"rendered":"<div id=\"ArticleBody\">\n<p>RD-SAN JUAN-Un hombre mat\u00f3 ayer apu\u00f1aladas a su ex concubina, porque se negaba a reconciliarse con \u00e9l, en\u00a0 la comunidad Juan \u00c1lvarez en San Juan de la Maguana.<\/p>\n<p>De acuerdo con el informe policial, Juan Garc\u00eda Vicente (Elmido), de 37 a\u00f1os, fue apresado por la muerte de\u00a0 la se\u00f1ora Yamely Amador P\u00e9rez, de 29.<\/p>\n<p>Amador P\u00e9rez falleci\u00f3 mientras era conducida a un centro de salud, luego de ser atacada a acuchilladas por Garc\u00eda Vicente, quien admiti\u00f3 los hechos a los investigadores.<\/p>\n<p>El prevenido ser\u00e1 sometido a la justicia en las pr\u00f3ximas horas, v\u00eda el Ministerio P\u00fablico, para que se le conozca medida de coerci\u00f3n.<\/p>\n<\/div>\n<p>&nbsp;<\/p>\n","protected":false},"excerpt":{"rendered":"<p>RD-SAN JUAN-Un hombre mat\u00f3 ayer apu\u00f1aladas a su ex concubina, porque se negaba a reconciliarse con \u00e9l, en\u00a0 la comunidad Juan \u00c1lvarez en San Juan de la Maguana. De acuerdo con el informe policial, Juan Garc\u00eda Vicente (Elmido), de 37 a\u00f1os, fue apresado por la muerte de\u00a0 la se\u00f1ora Yamely Amador P\u00e9rez, de 29. Amador [&hellip;]<\/p>\n","protected":false},"author":8,"featured_media":11577,"comment_status":"open","ping_status":"open","sticky":false,"template":"","format":"standard","meta":{"footnotes":""},"categories":[53],"tags":[],"class_list":["post-11573","post","type-post","status-publish","format-standard","has-post-thumbnail","hentry","category-provincias"],"_links":{"self":[{"href":"https:\/\/2horizontes.com\/index.php?rest_route=\/wp\/v2\/posts\/11573","targetHints":{"allow":["GET"]}}],"collection":[{"href":"https:\/\/2horizontes.com\/index.php?rest_route=\/wp\/v2\/posts"}],"about":[{"href":"https:\/\/2horizontes.com\/index.php?rest_route=\/wp\/v2\/types\/post"}],"author":[{"embeddable":true,"href":"https:\/\/2horizontes.com\/index.php?rest_route=\/wp\/v2\/users\/8"}],"replies":[{"embeddable":true,"href":"https:\/\/2horizontes.com\/index.php?rest_route=%2Fwp%2Fv2%2Fcomments&post=11573"}],"version-history":[{"count":1,"href":"https:\/\/2horizontes.com\/index.php?rest_route=\/wp\/v2\/posts\/11573\/revisions"}],"predecessor-version":[{"id":11581,"href":"https:\/\/2horizontes.com\/index.php?rest_route=\/wp\/v2\/posts\/11573\/revisions\/11581"}],"wp:featuredmedia":[{"embeddable":true,"href":"https:\/\/2horizontes.com\/index.php?rest_route=\/wp\/v2\/media\/11577"}],"wp:attachment":[{"href":"https:\/\/2horizontes.com\/index.php?rest_route=%2Fwp%2Fv2%2Fmedia&parent=11573"}],"wp:term":[{"taxonomy":"category","embeddable":true,"href":"https:\/\/2horizontes.com\/index.php?rest_route=%2Fwp%2Fv2%2Fcategories&post=11573"},{"taxonomy":"post_tag","embeddable":true,"href":"https:\/\/2horizontes.com\/index.php?rest_route=%2Fwp%2Fv2%2Ftags&post=11573"}],"curies":[{"name":"wp","href":"https:\/\/api.w.org\/{rel}","templated":true}]}}