{"id":11443,"date":"2015-06-09T01:31:15","date_gmt":"2015-06-09T00:31:15","guid":{"rendered":"http:\/\/2horizontes.com\/?p=11443"},"modified":"2015-06-09T01:31:15","modified_gmt":"2015-06-09T00:31:15","slug":"encarcelan-hombre-acusado-de-violar-y-embarazar-menor","status":"publish","type":"post","link":"https:\/\/2horizontes.com\/?p=11443","title":{"rendered":"Encarcelan hombre acusado de violar y embarazar menor"},"content":{"rendered":"<p class=\"DETALLE_N_titulo \">RD-Santo Domingo, \u00a0(EFE).- La Unidad de Atenci\u00f3n Permanente del Distrito Nacional dict\u00f3 tres meses de prisi\u00f3n preventiva, como medida de coerci\u00f3n, en contra de Wilkin Afredo Montero Sep\u00falveda, acusado de abusar de una menor de 14 a\u00f1os, a la que embaraz\u00f3.<\/p>\n<div id=\"texto\" class=\"texto_txt\">\n<div class=\"DETALLE_N_texto \">\n<p><span id=\"ctl14_lblMostra\">Seg\u00fan la acusaci\u00f3n presentada por la Fiscal\u00eda del Distrito Nacional, el imputado aprovechaba cuando la menor se dirig\u00eda a la escuela para llevarla al lugar donde trabajaba, en el sector Manoguayabo, y sostener relaciones sexuales con ella.<\/span><\/p>\n<p>El informe del psic\u00f3logo forense que examin\u00f3 a la menor, revela que \u00e9sta, cuya identidad se oculta por razones de protecci\u00f3n y que tiene cuatro meses de embarazo fruto de la violaci\u00f3n, presenta un cuadro ansioso depresivo.<\/p>\n<p>Montero Sep\u00falveda deber\u00e1 cumplir la medida impuesta en la c\u00e1rcel La Victoria. EFE<\/p>\n<\/div>\n<\/div>\n","protected":false},"excerpt":{"rendered":"<p>RD-Santo Domingo, \u00a0(EFE).- La Unidad de Atenci\u00f3n Permanente del Distrito Nacional dict\u00f3 tres meses de prisi\u00f3n preventiva, como medida de coerci\u00f3n, en contra de Wilkin Afredo Montero Sep\u00falveda, acusado de abusar de una menor de 14 a\u00f1os, a la que embaraz\u00f3. Seg\u00fan la acusaci\u00f3n presentada por la Fiscal\u00eda del Distrito Nacional, el imputado aprovechaba cuando [&hellip;]<\/p>\n","protected":false},"author":8,"featured_media":11444,"comment_status":"open","ping_status":"open","sticky":false,"template":"","format":"standard","meta":{"footnotes":""},"categories":[44],"tags":[],"class_list":["post-11443","post","type-post","status-publish","format-standard","has-post-thumbnail","hentry","category-republica-dominicana"],"_links":{"self":[{"href":"https:\/\/2horizontes.com\/index.php?rest_route=\/wp\/v2\/posts\/11443","targetHints":{"allow":["GET"]}}],"collection":[{"href":"https:\/\/2horizontes.com\/index.php?rest_route=\/wp\/v2\/posts"}],"about":[{"href":"https:\/\/2horizontes.com\/index.php?rest_route=\/wp\/v2\/types\/post"}],"author":[{"embeddable":true,"href":"https:\/\/2horizontes.com\/index.php?rest_route=\/wp\/v2\/users\/8"}],"replies":[{"embeddable":true,"href":"https:\/\/2horizontes.com\/index.php?rest_route=%2Fwp%2Fv2%2Fcomments&post=11443"}],"version-history":[{"count":1,"href":"https:\/\/2horizontes.com\/index.php?rest_route=\/wp\/v2\/posts\/11443\/revisions"}],"predecessor-version":[{"id":11445,"href":"https:\/\/2horizontes.com\/index.php?rest_route=\/wp\/v2\/posts\/11443\/revisions\/11445"}],"wp:featuredmedia":[{"embeddable":true,"href":"https:\/\/2horizontes.com\/index.php?rest_route=\/wp\/v2\/media\/11444"}],"wp:attachment":[{"href":"https:\/\/2horizontes.com\/index.php?rest_route=%2Fwp%2Fv2%2Fmedia&parent=11443"}],"wp:term":[{"taxonomy":"category","embeddable":true,"href":"https:\/\/2horizontes.com\/index.php?rest_route=%2Fwp%2Fv2%2Fcategories&post=11443"},{"taxonomy":"post_tag","embeddable":true,"href":"https:\/\/2horizontes.com\/index.php?rest_route=%2Fwp%2Fv2%2Ftags&post=11443"}],"curies":[{"name":"wp","href":"https:\/\/api.w.org\/{rel}","templated":true}]}}