{"id":1140,"date":"2014-05-27T17:01:18","date_gmt":"2014-05-27T17:01:18","guid":{"rendered":"http:\/\/2horizontes.com\/?p=1140"},"modified":"2014-05-27T17:08:59","modified_gmt":"2014-05-27T17:08:59","slug":"presidente-de-camara-de-diputados-de-rd-califica-de-terrible-y-preocupante-los-multiples-crimenes-que-se-han-producido-en-el-pais","status":"publish","type":"post","link":"https:\/\/2horizontes.com\/?p=1140","title":{"rendered":"Presidente de C\u00e1mara de Diputados de RD califica de \u201cterrible y preocupante los cr\u00edmenes que se han producido\u00bb"},"content":{"rendered":"<p>Santo Domingo.- El presidente de la C\u00e1mara <img loading=\"lazy\" decoding=\"async\" class=\"alignleft size-medium wp-image-1141\" src=\"http:\/\/2horizontes.com\/wp-content\/uploads\/2014\/05\/abel-300x215.jpg\" alt=\"abel\" width=\"300\" height=\"215\" srcset=\"https:\/\/2horizontes.com\/wp-content\/uploads\/2014\/05\/abel-300x215.jpg 300w, https:\/\/2horizontes.com\/wp-content\/uploads\/2014\/05\/abel.jpg 334w\" sizes=\"auto, (max-width: 300px) 100vw, 300px\" \/>de Diputados, Abel Mart\u00ednez, calific\u00f3 este martes de \u201cterrible y preocupante\u201d los m\u00faltiples cr\u00edmenes y asesinatos que se han producido en el pa\u00eds en los \u00faltimos meses.<\/p>\n<p>Se\u00f1al\u00f3 que los frecuentes hechos delictivos fueron, en parte, un impulsor para que la entidad que dirige agilice y complenmente la reforma al C\u00f3digo Procesal Penal con elementos que impidan que los jueces liberen delincuentes basados en fallos de la norma.<\/p>\n<p>\u201cLa ola de criminalidad es terrible, preocupante y dolorosa. Para nosotros constituye un dolor doble, porque trabajamos las normas que castiga la delincuencia. En el nuevo C\u00f3digo se tipifica el sicariato\u201d, precis\u00f3 el legislador en una intervenci\u00f3n en El Gobierno de la Ma\u00f1ana.<\/p>\n<p>&nbsp;<\/p>\n<p><strong>Ley de Naturalizaci\u00f3n<\/strong><\/p>\n<p>Abel Mart\u00ednez sostuvo que la Ley de Naturalizaci\u00f3n se hizo atendiendo todos los requisitos de la Constituci\u00f3n, se\u00f1alando que la norma \u201cviene a resolver un problema en el pa\u00eds\u201d, por lo que indic\u00f3 que la C\u00e1mara de Diputados apoya \u201cy apoyar\u00e1\u201d siempre la reci\u00e9n promulgada ley.<\/p>\n<p>&nbsp;<\/p>\n<p>Loma Miranda<\/p>\n<p>Con relaci\u00f3n al proyecto de ley sobre Loma Miranda, que conoce el Senado, Mart\u00ednez declar\u00f3 que \u201ces respetuoso\u201d con el trabajo que realiza la c\u00e1mara alta y opin\u00f3 que en el coraz\u00f3n de cada dominicano esa zona es Parque Nacional.<\/p>\n<p>Al pregunt\u00e1rsele sobre sus posibles aspiraciones a la Alcald\u00eda de Santiago en las pr\u00f3ximas elecciones, el diputado asegur\u00f3 que, en estos momentos, est\u00e1 enfocado en la direcci\u00f3n de la C\u00e1mara de Diputados.<\/p>\n<p>\u201cTrabajamos con toda transparencia, hasta en la compra de un pincho&#8230; los resultados van acorde con la Ley de Compras y Contrataciones, hay un inter\u00e9s moral para que las cosas marchen bien\u201d, precis\u00f3 el legislador.<\/p>\n<p>Fuente: http:\/\/z101digital.com\/app\/article.aspx?id=127718<\/p>\n","protected":false},"excerpt":{"rendered":"<p>Santo Domingo.- El presidente de la C\u00e1mara de Diputados, Abel Mart\u00ednez, calific\u00f3 este martes de \u201cterrible y preocupante\u201d los m\u00faltiples cr\u00edmenes y asesinatos que se han producido en el pa\u00eds en los \u00faltimos meses. Se\u00f1al\u00f3 que los frecuentes hechos delictivos fueron, en parte, un impulsor para que la entidad que dirige agilice y complenmente la [&hellip;]<\/p>\n","protected":false},"author":1,"featured_media":0,"comment_status":"open","ping_status":"open","sticky":false,"template":"","format":"standard","meta":{"footnotes":""},"categories":[1],"tags":[],"class_list":["post-1140","post","type-post","status-publish","format-standard","hentry","category-entretenimiento"],"_links":{"self":[{"href":"https:\/\/2horizontes.com\/index.php?rest_route=\/wp\/v2\/posts\/1140","targetHints":{"allow":["GET"]}}],"collection":[{"href":"https:\/\/2horizontes.com\/index.php?rest_route=\/wp\/v2\/posts"}],"about":[{"href":"https:\/\/2horizontes.com\/index.php?rest_route=\/wp\/v2\/types\/post"}],"author":[{"embeddable":true,"href":"https:\/\/2horizontes.com\/index.php?rest_route=\/wp\/v2\/users\/1"}],"replies":[{"embeddable":true,"href":"https:\/\/2horizontes.com\/index.php?rest_route=%2Fwp%2Fv2%2Fcomments&post=1140"}],"version-history":[{"count":5,"href":"https:\/\/2horizontes.com\/index.php?rest_route=\/wp\/v2\/posts\/1140\/revisions"}],"predecessor-version":[{"id":1146,"href":"https:\/\/2horizontes.com\/index.php?rest_route=\/wp\/v2\/posts\/1140\/revisions\/1146"}],"wp:attachment":[{"href":"https:\/\/2horizontes.com\/index.php?rest_route=%2Fwp%2Fv2%2Fmedia&parent=1140"}],"wp:term":[{"taxonomy":"category","embeddable":true,"href":"https:\/\/2horizontes.com\/index.php?rest_route=%2Fwp%2Fv2%2Fcategories&post=1140"},{"taxonomy":"post_tag","embeddable":true,"href":"https:\/\/2horizontes.com\/index.php?rest_route=%2Fwp%2Fv2%2Ftags&post=1140"}],"curies":[{"name":"wp","href":"https:\/\/api.w.org\/{rel}","templated":true}]}}