{"id":11376,"date":"2015-06-08T17:02:01","date_gmt":"2015-06-08T16:02:01","guid":{"rendered":"http:\/\/2horizontes.com\/?p=11376"},"modified":"2015-06-08T17:02:01","modified_gmt":"2015-06-08T16:02:01","slug":"detectada-la-bacteria-de-la-difteria-en-8-ninos-del-entorno-del-primer-caso","status":"publish","type":"post","link":"https:\/\/2horizontes.com\/?p=11376","title":{"rendered":"Detectada la bacteria de la difteria en 8 ni\u00f1os del entorno del primer caso"},"content":{"rendered":"<p>La Agencia Catalana de Salud Publica ha detectado que ocho compa\u00f1eros del ni\u00f1o de seis a\u00f1os con difteria son portadores asintom\u00e1ticos de la bacteria. Esto significa que estos menores poseen el bacilo que provoca la dolencia infecciosa y, aunque ellos no est\u00e1n enfermos porque est\u00e1n perfectamente vacunados, pueden transmitirlo e infectar a otros ni\u00f1os no inmunizados. El consejero de Salud, Boi Ruiz ha explicado esta ma\u00f1ana que los ni\u00f1os est\u00e1n recibiendo antibi\u00f3tico desde esta ma\u00f1ana para evitar que contagien a otros menores que no est\u00e9n vacunados.<\/p>\n<p>Salud Publica todav\u00eda desconoce si el menor con difteria, que sigue ingresado en estado muy grave en el Hospital Vall d&#8217;Hebron de Barcelona, se infect\u00f3 a trav\u00e9s de alguno de estos portadores y tampoco sabe c\u00f3mo adquirieron el bacilo los ochos ni\u00f1os. Este fin de semana, los t\u00e9cnicos de Salud Publica recibieron los resultados del frotis far\u00edngeo (la toma de muestras para realizar un cultivo que detecte la bacteria) realizado a 56 compa\u00f1eros que hab\u00edan ido de campamento a Palam\u00f3s con el ni\u00f1o infectado y ocho dieron positivo.<\/p>\n","protected":false},"excerpt":{"rendered":"<p>La Agencia Catalana de Salud Publica ha detectado que ocho compa\u00f1eros del ni\u00f1o de seis a\u00f1os con difteria son portadores asintom\u00e1ticos de la bacteria. Esto significa que estos menores poseen el bacilo que provoca la dolencia infecciosa y, aunque ellos no est\u00e1n enfermos porque est\u00e1n perfectamente vacunados, pueden transmitirlo e infectar a otros ni\u00f1os no [&hellip;]<\/p>\n","protected":false},"author":3,"featured_media":11377,"comment_status":"open","ping_status":"open","sticky":false,"template":"","format":"standard","meta":{"footnotes":""},"categories":[85],"tags":[],"class_list":["post-11376","post","type-post","status-publish","format-standard","has-post-thumbnail","hentry","category-espana"],"_links":{"self":[{"href":"https:\/\/2horizontes.com\/index.php?rest_route=\/wp\/v2\/posts\/11376","targetHints":{"allow":["GET"]}}],"collection":[{"href":"https:\/\/2horizontes.com\/index.php?rest_route=\/wp\/v2\/posts"}],"about":[{"href":"https:\/\/2horizontes.com\/index.php?rest_route=\/wp\/v2\/types\/post"}],"author":[{"embeddable":true,"href":"https:\/\/2horizontes.com\/index.php?rest_route=\/wp\/v2\/users\/3"}],"replies":[{"embeddable":true,"href":"https:\/\/2horizontes.com\/index.php?rest_route=%2Fwp%2Fv2%2Fcomments&post=11376"}],"version-history":[{"count":1,"href":"https:\/\/2horizontes.com\/index.php?rest_route=\/wp\/v2\/posts\/11376\/revisions"}],"predecessor-version":[{"id":11378,"href":"https:\/\/2horizontes.com\/index.php?rest_route=\/wp\/v2\/posts\/11376\/revisions\/11378"}],"wp:featuredmedia":[{"embeddable":true,"href":"https:\/\/2horizontes.com\/index.php?rest_route=\/wp\/v2\/media\/11377"}],"wp:attachment":[{"href":"https:\/\/2horizontes.com\/index.php?rest_route=%2Fwp%2Fv2%2Fmedia&parent=11376"}],"wp:term":[{"taxonomy":"category","embeddable":true,"href":"https:\/\/2horizontes.com\/index.php?rest_route=%2Fwp%2Fv2%2Fcategories&post=11376"},{"taxonomy":"post_tag","embeddable":true,"href":"https:\/\/2horizontes.com\/index.php?rest_route=%2Fwp%2Fv2%2Ftags&post=11376"}],"curies":[{"name":"wp","href":"https:\/\/api.w.org\/{rel}","templated":true}]}}