{"id":1137,"date":"2014-05-27T16:41:11","date_gmt":"2014-05-27T16:41:11","guid":{"rendered":"http:\/\/2horizontes.com\/?p=1137"},"modified":"2014-05-27T16:41:11","modified_gmt":"2014-05-27T16:41:11","slug":"detienen-en-espana-un-dominicano-buscado-por-la-interpol","status":"publish","type":"post","link":"https:\/\/2horizontes.com\/?p=1137","title":{"rendered":"Detienen en Espa\u00f1a un dominicano buscado por la Interpol"},"content":{"rendered":"<p>EFE. <a href=\"http:\/\/2horizontes.com\/wp-content\/uploads\/2014\/05\/policiA.jpg\"><img loading=\"lazy\" decoding=\"async\" class=\"alignleft size-medium wp-image-1138\" src=\"http:\/\/2horizontes.com\/wp-content\/uploads\/2014\/05\/policiA-300x215.jpg\" alt=\"policiA\" width=\"300\" height=\"215\" srcset=\"https:\/\/2horizontes.com\/wp-content\/uploads\/2014\/05\/policiA-300x215.jpg 300w, https:\/\/2horizontes.com\/wp-content\/uploads\/2014\/05\/policiA.jpg 334w\" sizes=\"auto, (max-width: 300px) 100vw, 300px\" \/><\/a>Barcelona (Espa\u00f1a).- Un ciudadano dominicano, buscado por la Interpol por un homicidio cometido en su pa\u00eds, fue detenido en Barcelona (noreste) y est\u00e1 encarcelado a la espera de ser extraditado.<\/p>\n<p>Seg\u00fan inform\u00f3 este martes la polic\u00eda catalana, el detenido, al que se relaciona tambi\u00e9n con un robo violento ocurrido el pasado 1 de mayo en Barcelona, es un hombre de 33 a\u00f1os, sobre el que pesaba una Orden de Detenci\u00f3n Internacional (ODI) de la Interpol por su presunta relaci\u00f3n con un homicidio cometido el pasado 15 de marzo en la Rep\u00fablica Dominicana.<\/p>\n<p>Las mismas fuentes se\u00f1alaron que el arrestado fue declarado culpable y condenado a 30 a\u00f1os de prisi\u00f3n por el homicidio de un hombre a sangre fr\u00eda en un caso relacionado con el tr\u00e1fico de drogas.<\/p>\n<p>La detenci\u00f3n fue posible despu\u00e9s de que la Polic\u00eda detectara que un pr\u00f3fugo buscado por la Interpol podr\u00eda estar actuando en la provincia de Barcelona.<\/p>\n","protected":false},"excerpt":{"rendered":"<p>EFE. Barcelona (Espa\u00f1a).- Un ciudadano dominicano, buscado por la Interpol por un homicidio cometido en su pa\u00eds, fue detenido en Barcelona (noreste) y est\u00e1 encarcelado a la espera de ser extraditado. Seg\u00fan inform\u00f3 este martes la polic\u00eda catalana, el detenido, al que se relaciona tambi\u00e9n con un robo violento ocurrido el pasado 1 de mayo [&hellip;]<\/p>\n","protected":false},"author":1,"featured_media":0,"comment_status":"open","ping_status":"open","sticky":false,"template":"","format":"standard","meta":{"footnotes":""},"categories":[1],"tags":[],"class_list":["post-1137","post","type-post","status-publish","format-standard","hentry","category-entretenimiento"],"_links":{"self":[{"href":"https:\/\/2horizontes.com\/index.php?rest_route=\/wp\/v2\/posts\/1137","targetHints":{"allow":["GET"]}}],"collection":[{"href":"https:\/\/2horizontes.com\/index.php?rest_route=\/wp\/v2\/posts"}],"about":[{"href":"https:\/\/2horizontes.com\/index.php?rest_route=\/wp\/v2\/types\/post"}],"author":[{"embeddable":true,"href":"https:\/\/2horizontes.com\/index.php?rest_route=\/wp\/v2\/users\/1"}],"replies":[{"embeddable":true,"href":"https:\/\/2horizontes.com\/index.php?rest_route=%2Fwp%2Fv2%2Fcomments&post=1137"}],"version-history":[{"count":1,"href":"https:\/\/2horizontes.com\/index.php?rest_route=\/wp\/v2\/posts\/1137\/revisions"}],"predecessor-version":[{"id":1139,"href":"https:\/\/2horizontes.com\/index.php?rest_route=\/wp\/v2\/posts\/1137\/revisions\/1139"}],"wp:attachment":[{"href":"https:\/\/2horizontes.com\/index.php?rest_route=%2Fwp%2Fv2%2Fmedia&parent=1137"}],"wp:term":[{"taxonomy":"category","embeddable":true,"href":"https:\/\/2horizontes.com\/index.php?rest_route=%2Fwp%2Fv2%2Fcategories&post=1137"},{"taxonomy":"post_tag","embeddable":true,"href":"https:\/\/2horizontes.com\/index.php?rest_route=%2Fwp%2Fv2%2Ftags&post=1137"}],"curies":[{"name":"wp","href":"https:\/\/api.w.org\/{rel}","templated":true}]}}