{"id":11344,"date":"2015-06-08T15:51:11","date_gmt":"2015-06-08T14:51:11","guid":{"rendered":"http:\/\/2horizontes.com\/?p=11344"},"modified":"2015-06-08T15:51:11","modified_gmt":"2015-06-08T14:51:11","slug":"el-brasileno-casemiro-regresara-al-real-madrid","status":"publish","type":"post","link":"https:\/\/2horizontes.com\/?p=11344","title":{"rendered":"El brasile\u00f1o Casemiro regresar\u00e1 al Real Madrid"},"content":{"rendered":"<p>El Real Madrid confirm\u00f3 este viernes que ejecutar\u00e1 la opci\u00f3n sobre el centrocampista Casemiro despu\u00e9s de haberlo cedido una temporada al Oporto, una posibilidad que hab\u00eda adelantado este martes la prensa portuguesa y que oscila los 7,5 millones de euros. \u00abEl Real Madrid C. F. ha ejercido la opci\u00f3n de rescate de los derechos federativos del jugador Casemiro, despu\u00e9s de que el FC Porto notificara la ejecuci\u00f3n de su opci\u00f3n de compra\u00bb, explic\u00f3 el club en una breve nota de prensa. El Oporto, tras el rendimiento del jugador, le hab\u00eda manifestado al Real Madrid su inter\u00e9s por retener en su plantilla a CasemiroEl pasado martes as\u00ed lo hab\u00eda apuntado en su primera p\u00e1gina el diario deportivo O Jogo, destacando que el club blanco \u00abse niega a vender\u00bb al brasile\u00f1o, de 23 a\u00f1os, despu\u00e9s de una campa\u00f1a brillante al servicio de los \u00abdragones\u00bb.<\/p>\n<p>De acuerdo con esta informaci\u00f3n, el nuevo entrenador del Real Madrid, Rafa Ben\u00edtez, evaluar\u00e1 la continuidad del jugador en la plantilla, pero adem\u00e1s tambi\u00e9n se han recibido ofertas por \u00e9l de otros equipos, por lo que interesa garantizar su regreso a la capital espa\u00f1ola. El Oporto transmiti\u00f3 formalmente a los dirigentes \u00abmerengues\u00bb su intenci\u00f3n de ejercer la opci\u00f3n de compra que tiene sobre Casemiro -incluida en la cesi\u00f3n negociada en verano- el pasado 28 de mayo. En su bolet\u00edn de noticias diario, explic\u00f3 que el contrato tiene una cl\u00e1usula que permite al Madrid conservar al jugador a cambio de una indemnizaci\u00f3n, y que O Jogo cuantifica este martes en 7,5 millones de euros.<\/p>\n<p>Un portavoz de los \u00abdragones\u00bb confirm\u00f3 entonces a EFE que en el acuerdo de cesi\u00f3n alcanzado en verano de 2014 se incluy\u00f3 una cl\u00e1usula que permite al conjunto luso fichar a t\u00edtulo definitivo a Casemiro a cambio de un valor que declin\u00f3 precisar. De esta forma, una vez el Oporto decidiese ejercer este derecho de compra, el Madrid solo podr\u00eda retener al futbolista abonando una compensaci\u00f3n. Seg\u00fan O Jogo, si no se pod\u00eda concretar finalmente el fichaje de Casemiro, el Oporto hab\u00eda pensado afrontar la contrataci\u00f3n del medio del Mar\u00edtimo Danilo Pereira, quien fue convocado esta semana por primera vez con la selecci\u00f3n de Portugal.<\/p>\n<p>Casemiro es el primer fichaje de la &#8216;era Ben\u00edtez&#8217; y refuerza una zona, el centro del campo, especialmente d\u00e9bil en la \u00faltima temporada tras la marcha de Xabi Alonso al Bayern M\u00fanich, la temporada aciaga repleta de lesiones del alem\u00e1n Sami Khedira, la irregularidad de Asier Illarramendi y la falta de adaptaci\u00f3n del brasile\u00f1o Lucas Silva despu\u00e9s de llegar en el mercado invernal. Seg\u00fan informan a EFE fuentes del club, el pasado lunes el Real Madrid comunic\u00f3 al Oporto la decisi\u00f3n de ejercer la opci\u00f3n de recompra por Casemiro y abonar 7,5 millones de euros por el jugador, que ya actu\u00f3 en el primer equipo con el portugu\u00e9s Jos\u00e9 Mourinho como t\u00e9cnico.<\/p>\n","protected":false},"excerpt":{"rendered":"<p>El Real Madrid confirm\u00f3 este viernes que ejecutar\u00e1 la opci\u00f3n sobre el centrocampista Casemiro despu\u00e9s de haberlo cedido una temporada al Oporto, una posibilidad que hab\u00eda adelantado este martes la prensa portuguesa y que oscila los 7,5 millones de euros. \u00abEl Real Madrid C. F. ha ejercido la opci\u00f3n de rescate de los derechos federativos [&hellip;]<\/p>\n","protected":false},"author":3,"featured_media":11345,"comment_status":"open","ping_status":"open","sticky":false,"template":"","format":"standard","meta":{"footnotes":""},"categories":[42],"tags":[],"class_list":["post-11344","post","type-post","status-publish","format-standard","has-post-thumbnail","hentry","category-deportes"],"_links":{"self":[{"href":"https:\/\/2horizontes.com\/index.php?rest_route=\/wp\/v2\/posts\/11344","targetHints":{"allow":["GET"]}}],"collection":[{"href":"https:\/\/2horizontes.com\/index.php?rest_route=\/wp\/v2\/posts"}],"about":[{"href":"https:\/\/2horizontes.com\/index.php?rest_route=\/wp\/v2\/types\/post"}],"author":[{"embeddable":true,"href":"https:\/\/2horizontes.com\/index.php?rest_route=\/wp\/v2\/users\/3"}],"replies":[{"embeddable":true,"href":"https:\/\/2horizontes.com\/index.php?rest_route=%2Fwp%2Fv2%2Fcomments&post=11344"}],"version-history":[{"count":1,"href":"https:\/\/2horizontes.com\/index.php?rest_route=\/wp\/v2\/posts\/11344\/revisions"}],"predecessor-version":[{"id":11346,"href":"https:\/\/2horizontes.com\/index.php?rest_route=\/wp\/v2\/posts\/11344\/revisions\/11346"}],"wp:featuredmedia":[{"embeddable":true,"href":"https:\/\/2horizontes.com\/index.php?rest_route=\/wp\/v2\/media\/11345"}],"wp:attachment":[{"href":"https:\/\/2horizontes.com\/index.php?rest_route=%2Fwp%2Fv2%2Fmedia&parent=11344"}],"wp:term":[{"taxonomy":"category","embeddable":true,"href":"https:\/\/2horizontes.com\/index.php?rest_route=%2Fwp%2Fv2%2Fcategories&post=11344"},{"taxonomy":"post_tag","embeddable":true,"href":"https:\/\/2horizontes.com\/index.php?rest_route=%2Fwp%2Fv2%2Ftags&post=11344"}],"curies":[{"name":"wp","href":"https:\/\/api.w.org\/{rel}","templated":true}]}}