{"id":11326,"date":"2015-06-08T11:05:01","date_gmt":"2015-06-08T10:05:01","guid":{"rendered":"http:\/\/2horizontes.com\/?p=11326"},"modified":"2015-06-08T11:07:21","modified_gmt":"2015-06-08T10:07:21","slug":"orgullo-gay-colorea-las-calles-de-queens","status":"publish","type":"post","link":"https:\/\/2horizontes.com\/?p=11326","title":{"rendered":"Orgullo gay colorea las calles de Queens"},"content":{"rendered":"<p>Nueva York \u2013 A tan solo d\u00edas para que la Corte Suprema de Justicia decida la legalidad del matrimonio gay en el pa\u00eds, este domingo las calles de Jackson Heights se pintaron de colores para celebrar el Desfile y Festival de Orgullo Gay de Queens.<\/p>\n<p>&nbsp;<br \/>\nEn esta ocasi\u00f3n, el multitudinario y diverso evento marc\u00f3 un hito en la historia del movimiento la comunidad de Lesbianas, Gays, Bisexuales y Transg\u00e9neros (LGBT) de la ciudad de Nueva York al contar con Bill de Blasio como el primer alcalde en participar bajo el t\u00edtulo de Gran Mariscal.<\/p>\n<p>&nbsp;<br \/>\nBill de Blasio gays<br \/>\n\u201cEs un mensaje de inclusi\u00f3n. Es un mensaje de unidad \u201c, dijo De Blasio. \u201cEn esta ciudad no aguantaremos a nadie que quiera lastimar a nuestros hermanos y hermanas de la comunidad LGBT\u201d.<\/p>\n<p>&nbsp;<br \/>\nEl Alcalde junto a varias organizaciones y activistas latinos fueron parte de las 40,000 personas que marcharon este a\u00f1o bajo el tema Orgullo, Fuerza y Unidad. Una de ellas fue la mexicana Mireya Ayala quien se identifica como una activista transg\u00e9nero que busca eliminar el estigma en la sociedad.<\/p>\n<p>&nbsp;<br \/>\n\u201cEn las escuelas mismo se nos discrimina. \u00bfQu\u00e9 se gana con obtener un titulo universitario y no poderlo usar despu\u00e9s por la discriminaci\u00f3n y la ignorancia?\u201d, mencion\u00f3 mientras marchaba con la multitud por la avenida 37.<\/p>\n<p>&nbsp;<br \/>\nAyala,quien asisti\u00f3 al evento con su amiga transexual Ana Sofia, ha luchado en varias ocasiones para obtener un empleo e insiste que debe educarse m\u00e1s a la sociedad sobre el tema. \u201cSimplemente por verme me dicen luego la llamamos. Ya basta de tanta discriminaci\u00f3n, somos seres humanos\u201d.<\/p>\n<p>&nbsp;<\/p>\n","protected":false},"excerpt":{"rendered":"<p>Nueva York \u2013 A tan solo d\u00edas para que la Corte Suprema de Justicia decida la legalidad del matrimonio gay en el pa\u00eds, este domingo las calles de Jackson Heights se pintaron de colores para celebrar el Desfile y Festival de Orgullo Gay de Queens. &nbsp; En esta ocasi\u00f3n, el multitudinario y diverso evento marc\u00f3 [&hellip;]<\/p>\n","protected":false},"author":3,"featured_media":11327,"comment_status":"open","ping_status":"open","sticky":false,"template":"","format":"standard","meta":{"footnotes":""},"categories":[57],"tags":[],"class_list":["post-11326","post","type-post","status-publish","format-standard","has-post-thumbnail","hentry","category-mundo-gay"],"_links":{"self":[{"href":"https:\/\/2horizontes.com\/index.php?rest_route=\/wp\/v2\/posts\/11326","targetHints":{"allow":["GET"]}}],"collection":[{"href":"https:\/\/2horizontes.com\/index.php?rest_route=\/wp\/v2\/posts"}],"about":[{"href":"https:\/\/2horizontes.com\/index.php?rest_route=\/wp\/v2\/types\/post"}],"author":[{"embeddable":true,"href":"https:\/\/2horizontes.com\/index.php?rest_route=\/wp\/v2\/users\/3"}],"replies":[{"embeddable":true,"href":"https:\/\/2horizontes.com\/index.php?rest_route=%2Fwp%2Fv2%2Fcomments&post=11326"}],"version-history":[{"count":3,"href":"https:\/\/2horizontes.com\/index.php?rest_route=\/wp\/v2\/posts\/11326\/revisions"}],"predecessor-version":[{"id":11330,"href":"https:\/\/2horizontes.com\/index.php?rest_route=\/wp\/v2\/posts\/11326\/revisions\/11330"}],"wp:featuredmedia":[{"embeddable":true,"href":"https:\/\/2horizontes.com\/index.php?rest_route=\/wp\/v2\/media\/11327"}],"wp:attachment":[{"href":"https:\/\/2horizontes.com\/index.php?rest_route=%2Fwp%2Fv2%2Fmedia&parent=11326"}],"wp:term":[{"taxonomy":"category","embeddable":true,"href":"https:\/\/2horizontes.com\/index.php?rest_route=%2Fwp%2Fv2%2Fcategories&post=11326"},{"taxonomy":"post_tag","embeddable":true,"href":"https:\/\/2horizontes.com\/index.php?rest_route=%2Fwp%2Fv2%2Ftags&post=11326"}],"curies":[{"name":"wp","href":"https:\/\/api.w.org\/{rel}","templated":true}]}}