{"id":11313,"date":"2015-06-08T10:49:51","date_gmt":"2015-06-08T09:49:51","guid":{"rendered":"http:\/\/2horizontes.com\/?p=11313"},"modified":"2015-06-08T16:18:32","modified_gmt":"2015-06-08T15:18:32","slug":"jonael-gano-la-voz-kids","status":"publish","type":"post","link":"https:\/\/2horizontes.com\/?p=11313","title":{"rendered":"Jonael gana La Voz Kids"},"content":{"rendered":"<p>Despu\u00e9s de trece semanas de intensa competencia, La Voz Kids, reality show de la cadena Telemundo, lleg\u00f3 a su gran final esta noche cuando los presentadores Daisy Fuentes y Jorge Bernal anunciaron a Jonael Santiago de #TeamNatalia como el ganador de la tercera temporada.<\/p>\n<p>El cantante nacido en Puerto Rico y que actualmente reside en Miami, Florida, recibi\u00f3 $50,000 d\u00f3lares en efectivo otorgado por la compa\u00f1\u00eda AT&amp;T para contribuir a alcanzar sus sue\u00f1os y continuar su educaci\u00f3n, adem\u00e1s de un contrato de grabaci\u00f3n de Universal Music Group para la producci\u00f3n de un sencillo y un v\u00eddeo musical. Los finalistas de la competencia de canto, quienes recibieron $10,000 de parte de Chrysler, incluyendo Jonael, fueron Franser Pasos del equipo de Daddy Yankee y Shanty Zumaya del equipo de Pedro Fern\u00e1ndez.<\/p>\n<p>El boricua Jersen Ruiz del #TeamYankee, Milenia P\u00e9rez del equipo de Pedro Fern\u00e1ndez y Alberto Castro del equipo de Natalia Jim\u00e9nez, fueron eliminados una vez se dieron a conocer a cada uno de los tres finalistas.<\/p>\n<p>La gala cont\u00f3 con la actuaci\u00f3n de Lucero y Marc Anthony junto a Gente D\u2019 Zona.<\/p>\n<p>Cabe destacar que desde su participaci\u00f3n en la etapa inicial de la competencia, denominada como \u201cAudiciones a Ciegas\u201d Jonael dej\u00f3 claro que aunque hace dos a\u00f1os se mud\u00f3 a Miami con su familia, \u00e9l competir\u00eda representando al talento de Puerto Rico.<\/p>\n<p>A principios de la semana pasada el jovencito convers\u00f3 v\u00eda telef\u00f3nica con El Nuevo D\u00eda. A sus 11 a\u00f1os de edad, est\u00e1 convencido de que har\u00e1 una carrera en la m\u00fasica. \u201cQuiero ser un artista completo cuando sea grande y trabajar en la m\u00fasica\u201d, dijo el protegido de la cantante Natalia Jim\u00e9nez.<\/p>\n<p>\u201cCuando canto y bailo hago que las personas se disfruten lo que estoy haciendo\u201d, agreg\u00f3 Santiago.<\/p>\n<p>El jovencito cont\u00f3 que previo a La Voz Kids, nunca ha tomado clases de canto y lo que conoce de tocar guitarra y piano lo aprendi\u00f3 a trav\u00e9s de v\u00eddeos que ha observado en YouTube.<\/p>\n","protected":false},"excerpt":{"rendered":"<p>Despu\u00e9s de trece semanas de intensa competencia, La Voz Kids, reality show de la cadena Telemundo, lleg\u00f3 a su gran final esta noche cuando los presentadores Daisy Fuentes y Jorge Bernal anunciaron a Jonael Santiago de #TeamNatalia como el ganador de la tercera temporada. El cantante nacido en Puerto Rico y que actualmente reside en [&hellip;]<\/p>\n","protected":false},"author":3,"featured_media":11315,"comment_status":"open","ping_status":"open","sticky":false,"template":"","format":"standard","meta":{"footnotes":""},"categories":[1],"tags":[],"class_list":["post-11313","post","type-post","status-publish","format-standard","has-post-thumbnail","hentry","category-entretenimiento"],"_links":{"self":[{"href":"https:\/\/2horizontes.com\/index.php?rest_route=\/wp\/v2\/posts\/11313","targetHints":{"allow":["GET"]}}],"collection":[{"href":"https:\/\/2horizontes.com\/index.php?rest_route=\/wp\/v2\/posts"}],"about":[{"href":"https:\/\/2horizontes.com\/index.php?rest_route=\/wp\/v2\/types\/post"}],"author":[{"embeddable":true,"href":"https:\/\/2horizontes.com\/index.php?rest_route=\/wp\/v2\/users\/3"}],"replies":[{"embeddable":true,"href":"https:\/\/2horizontes.com\/index.php?rest_route=%2Fwp%2Fv2%2Fcomments&post=11313"}],"version-history":[{"count":2,"href":"https:\/\/2horizontes.com\/index.php?rest_route=\/wp\/v2\/posts\/11313\/revisions"}],"predecessor-version":[{"id":11354,"href":"https:\/\/2horizontes.com\/index.php?rest_route=\/wp\/v2\/posts\/11313\/revisions\/11354"}],"wp:featuredmedia":[{"embeddable":true,"href":"https:\/\/2horizontes.com\/index.php?rest_route=\/wp\/v2\/media\/11315"}],"wp:attachment":[{"href":"https:\/\/2horizontes.com\/index.php?rest_route=%2Fwp%2Fv2%2Fmedia&parent=11313"}],"wp:term":[{"taxonomy":"category","embeddable":true,"href":"https:\/\/2horizontes.com\/index.php?rest_route=%2Fwp%2Fv2%2Fcategories&post=11313"},{"taxonomy":"post_tag","embeddable":true,"href":"https:\/\/2horizontes.com\/index.php?rest_route=%2Fwp%2Fv2%2Ftags&post=11313"}],"curies":[{"name":"wp","href":"https:\/\/api.w.org\/{rel}","templated":true}]}}