{"id":11310,"date":"2015-06-08T10:50:48","date_gmt":"2015-06-08T09:50:48","guid":{"rendered":"http:\/\/2horizontes.com\/?p=11310"},"modified":"2015-06-08T10:50:48","modified_gmt":"2015-06-08T09:50:48","slug":"secuestradores-liberan-a-hija-del-alto-funcionario-colombiano","status":"publish","type":"post","link":"https:\/\/2horizontes.com\/?p=11310","title":{"rendered":"Secuestradores liberan a hija del alto funcionario colombiano"},"content":{"rendered":"<div id=\"ArticleAuthorDiv\" class=\"article-body-author\"><b>EFE\u00a0<\/b><\/div>\n<div id=\"ArticleSourceDiv\" class=\"article-body-author\"><b>Bogot\u00e1<\/b><\/div>\n<div id=\"ArticleBody\">\n<p>El secuestro de la ni\u00f1a Daniela Mora, hija de un alto funcionario del Gobierno colombiano, concluy\u00f3 con final feliz despu\u00e9s de que sus captores, asfixiados tras 48 horas de una fuerte presi\u00f3n policial y gubernamental, liberaran a la menor en una carretera del noreste del pa\u00eds.<\/p>\n<p>La peque\u00f1a, de 11 a\u00f1os, hab\u00eda sido raptada al salir de una clase extraescolar el pasado jueves, cuando desconocidos interceptaron el veh\u00edculo en el que se desplazaba y se la llevaron, dejando al conductor abandonado a las afueras de C\u00facuta, capital del departamento del Norte de Santander, fronterizo con Venezuela.<\/p>\n<p>No lejos de all\u00ed, en una carretera que une las poblaciones de El Zulia y Cornejo, fue liberada este domingo por sus captores, de los que se sabe que son al menos \u00abtres individuos\u00bb pertenecientes a la \u00abdelincuencia com\u00fan\u00bb, seg\u00fan dijo el presidente colombiano, Juan Manuel Santos, al anunciar el desenlace de esta historia.<\/p>\n<p>\u00abTodos estamos muy contentos\u00bb, asegur\u00f3 Santos, quien indic\u00f3 que la ni\u00f1a \u00abestaba bien, que hab\u00eda estado un poco enferma, hab\u00eda tenido fiebre, pero que est\u00e1 en condiciones afortunadamente positivas\u00bb.<\/p>\n<p>Daniela fue entregada a sus padres por el director de la Polic\u00eda nacional, general Rodolfo Palomino, y posteriormente trasladada en helic\u00f3ptero a C\u00facuta para practicarle un examen m\u00e9dico que confirme su buen estado de salud.<\/p>\n<p>La ni\u00f1a es hija de Diego Mora, director de la Unidad Nacional de Protecci\u00f3n (UNP), una entidad adscrita al Ministerio del Interior que tiene a su cargo la seguridad de funcionarios, as\u00ed como de l\u00edderes sociales, periodistas y defensores de derechos humanos amenazados.<\/p>\n<p>Fue precisamente \u00e9l quien recogi\u00f3 a la ni\u00f1a, que vestida de rosa y aparentemente en buen estado de salud se aferr\u00f3 al cuello de su padre, a quien puede verse emocionado en una grabaci\u00f3n del reencuentro.<\/p>\n<p>Mora, que en Twitter agradeci\u00f3 \u00abal presidente Santos, al general Palomino, a todos los compa\u00f1eros del Gobierno\u00bb la ayuda para encontrar a su hija, asumi\u00f3 el cargo en enero pasado y no se descarta que por su labor hayan intentado vengarse de \u00e9l.<\/p>\n<p>Seg\u00fan medios locales, el funcionario hab\u00eda destapado recientemente varios casos de corrupci\u00f3n, como el uso de veh\u00edculos de la entidad para transportar gasolina de contrabando desde Venezuela.<\/p>\n<p>Tras conocerse la noticia de la desaparici\u00f3n, el Gobierno dio la orden a la Polic\u00eda de encontrar a Daniela como fuera, una tarea en la que no se escatimaron esfuerzos.<\/p>\n<p>As\u00ed, durante las pasadas 48 horas se desplegaron en C\u00facuta 600 agentes de varias especialidades, quienes ahora tienen el mandato de localizar y detener a los tres captores.<\/p>\n<p>Tambi\u00e9n se movilizaron las autoridades judiciales para pedir a la Interpol que emitiera una alerta amarilla, que corresponde a personas desaparecidas, con el objetivo de obtener colaboraci\u00f3n de otros pa\u00edses si se llegaba a tener conocimiento de que la ni\u00f1a se encontraba en sus territorios.<\/p>\n<p>Adem\u00e1s, debido a la cercan\u00eda de C\u00facuta con Venezuela, las autoridades colombianas hab\u00edan estrechado la coordinaci\u00f3n con el vecino pa\u00eds para evitar que la menor cruzara la frontera.<\/p>\n<p>Mientras, el Gobierno colombiano ofreci\u00f3 una recompensa de 300 millones de pesos (unos 120.000 d\u00f3lares) a quien aportara informaci\u00f3n que permitiera localizarla.<\/p>\n<p>El caso ha conmocionado a la sociedad colombiana, que se encuentra de nuevo con el flagelo del secuestro, una pr\u00e1ctica frecuente dentro del conflicto armado y que en los \u00faltimos tiempos se hab\u00eda reducido, seg\u00fan versiones oficiales.<\/p>\n<p>Seg\u00fan Santos, en lo que va de este a\u00f1o los casos de secuestro en el pa\u00eds se han reducido un 70 % en comparaci\u00f3n con 2014, \u00abque fue el m\u00e1s bajo de los \u00faltimos 35 a\u00f1os\u00bb.<\/p>\n<p>Sobre el rapto se pronunci\u00f3 la Misi\u00f3n de Apoyo al Proceso de Paz en Colombia de la Organizaci\u00f3n de los Estados Americanos (MAPP-OEA), que destac\u00f3 que el secuestro \u00abes uno de los delitos con mayor impacto en la vida de las v\u00edctimas, sus familias y las comunidades que las deben padecer\u00bb y que \u00ablamentablemente se ha generalizado en pa\u00edses con conflictos armados extensos como Colombia\u00bb.<\/p>\n<p>En tanto, la oficina en Colombia del Alto Comisionado de las Naciones Unidas para los Derechos Humanos declar\u00f3 que el secuestro \u00abdebe terminar de forma inmediata\u00bb en el pa\u00eds e inst\u00f3 a las autoridades a sancionar \u00abde manera adecuada\u00bb esta pr\u00e1ctica.<\/p>\n<\/div>\n","protected":false},"excerpt":{"rendered":"<p>EFE\u00a0 Bogot\u00e1 El secuestro de la ni\u00f1a Daniela Mora, hija de un alto funcionario del Gobierno colombiano, concluy\u00f3 con final feliz despu\u00e9s de que sus captores, asfixiados tras 48 horas de una fuerte presi\u00f3n policial y gubernamental, liberaran a la menor en una carretera del noreste del pa\u00eds. La peque\u00f1a, de 11 a\u00f1os, hab\u00eda sido [&hellip;]<\/p>\n","protected":false},"author":7,"featured_media":11316,"comment_status":"open","ping_status":"open","sticky":false,"template":"","format":"standard","meta":{"footnotes":""},"categories":[50,40],"tags":[],"class_list":["post-11310","post","type-post","status-publish","format-standard","has-post-thumbnail","hentry","category-colombia","category-internacionales"],"_links":{"self":[{"href":"https:\/\/2horizontes.com\/index.php?rest_route=\/wp\/v2\/posts\/11310","targetHints":{"allow":["GET"]}}],"collection":[{"href":"https:\/\/2horizontes.com\/index.php?rest_route=\/wp\/v2\/posts"}],"about":[{"href":"https:\/\/2horizontes.com\/index.php?rest_route=\/wp\/v2\/types\/post"}],"author":[{"embeddable":true,"href":"https:\/\/2horizontes.com\/index.php?rest_route=\/wp\/v2\/users\/7"}],"replies":[{"embeddable":true,"href":"https:\/\/2horizontes.com\/index.php?rest_route=%2Fwp%2Fv2%2Fcomments&post=11310"}],"version-history":[{"count":1,"href":"https:\/\/2horizontes.com\/index.php?rest_route=\/wp\/v2\/posts\/11310\/revisions"}],"predecessor-version":[{"id":11317,"href":"https:\/\/2horizontes.com\/index.php?rest_route=\/wp\/v2\/posts\/11310\/revisions\/11317"}],"wp:featuredmedia":[{"embeddable":true,"href":"https:\/\/2horizontes.com\/index.php?rest_route=\/wp\/v2\/media\/11316"}],"wp:attachment":[{"href":"https:\/\/2horizontes.com\/index.php?rest_route=%2Fwp%2Fv2%2Fmedia&parent=11310"}],"wp:term":[{"taxonomy":"category","embeddable":true,"href":"https:\/\/2horizontes.com\/index.php?rest_route=%2Fwp%2Fv2%2Fcategories&post=11310"},{"taxonomy":"post_tag","embeddable":true,"href":"https:\/\/2horizontes.com\/index.php?rest_route=%2Fwp%2Fv2%2Ftags&post=11310"}],"curies":[{"name":"wp","href":"https:\/\/api.w.org\/{rel}","templated":true}]}}