{"id":11304,"date":"2015-06-08T10:44:19","date_gmt":"2015-06-08T09:44:19","guid":{"rendered":"http:\/\/2horizontes.com\/?p=11304"},"modified":"2015-06-08T10:44:19","modified_gmt":"2015-06-08T09:44:19","slug":"gobierno-de-ecuador-considera-ofensivo-el-llamado-de-ee-uu-a-respetar-libertad-de-prensa","status":"publish","type":"post","link":"https:\/\/2horizontes.com\/?p=11304","title":{"rendered":"Gobierno de Ecuador considera ofensivo el llamado de EE.UU. a respetar libertad de prensa"},"content":{"rendered":"<div id=\"ArticleAuthorDiv\" class=\"article-body-author\"><b>EFE<\/b><\/div>\n<div id=\"ArticleSourceDiv\" class=\"article-body-author\">\u00a0El gobierno de Ecuador consider\u00f3 \u00abofensivo\u00bb el s\u00e1bado el llamado de Estados Unidos a respetar la libertad de prensa y dijo que ese pa\u00eds carece de autoridad moral para realizar ese tipo de pedidos.<\/div>\n<div id=\"ArticleBody\">\n<p>El jueves, la subsecretaria estadounidense para Am\u00e9rica Latina, Roberta Jacobson, quien visit\u00f3 Quito en noviembre, escribi\u00f3 en su cuenta de Twitter: \u00abLlamado al gob. de #Ecuador para que respete la libertad de expresi\u00f3n y la #libertaddeprensa como derechos democr\u00e1ticos fundamentales\u00bb.<\/p>\n<p>El canciller ecuatoriano, Ricardo Pati\u00f1o, expres\u00f3 que el mensaje es \u00abofensivo para el Ecuador\u00bb y a\u00f1adi\u00f3 que Estados Unidos \u00abno tiene ninguna autoridad moral\u00bb para formular esos llamados mientras realice ataques con drones o mantenga c\u00e1rceles como la de Guant\u00e1namo.<\/p>\n<p>\u00abYo no s\u00e9 si sea una decisi\u00f3n del secretario de Estado, una decisi\u00f3n del gobierno que le haya dicho a la se\u00f1ora que ponga un tuit de esa naturaleza, que es ofensivo para el Ecuador, no tiene ninguna autoridad moral\u00bb, coment\u00f3 Pati\u00f1o en conferencia de prensa.<\/p>\n<p>Washington ha criticado en otras ocasiones los controles que impuso a la prensa el gobierno de Rafael Correa a trav\u00e9s de una ley de comunicaci\u00f3n -llamada ley mordaza por sus cr\u00edticos- que surgi\u00f3 de una consulta popular.<\/p>\n<p>Amparado en esa normativa, el gobierno ha impulsado rectificaciones o sanciones econ\u00f3micas contra caricaturistas y medios impresos y de televisi\u00f3n.<\/p>\n<p>En un comunicado difundido despu\u00e9s de las declaraciones de Pati\u00f1o, la canciller\u00eda de Ecuador afirm\u00f3 que considera el \u00abderecho a la comunicaci\u00f3n y a la informaci\u00f3n como un derecho integral y no como la defensa a los medios de comunicaci\u00f3n hegem\u00f3nicos\u00bb.<\/p>\n<p>Correa, quien acusa a un sector de la prensa de ser su mayor opositor, ha defendido la ley como un freno a los abusos de los medios.<\/p>\n<p>Quito tambi\u00e9n pidi\u00f3 a Estados Unidos en su mensaje suspender \u00abviolaciones a los derechos humanos\u00bb, entre las que mencion\u00f3 ejecuciones extrajudiciales, asesinatos selectivos con drones, tortura en centros de detenci\u00f3n, espionaje masivo, pena de muerte, entre otras.<\/p>\n<p>Desde la llegada al poder del izquierdista Rafael Correa en 2007, Quito y Washington tambi\u00e9n han tenido controversias por decisiones del mandatario como la de forzar la salida de militares estadounidenses asignados a la embajada en Quito por considerar injustificado y desproporcionado su n\u00famero.<\/p>\n<p>En diciembre de 2013, Ecuador puso fin a las actividades de la agencia de cooperaci\u00f3n estadounidense Usaid, acusada de financiar a la oposici\u00f3n y que cerr\u00f3 su oficina el 30 de setiembre, mientras que Washington retir\u00f3 al personal que colabora en la lucha antinarc\u00f3ticos por decisi\u00f3n propia.<\/p>\n<p>Pese a ello, los dos pa\u00edses mantienen relaciones diplom\u00e1ticas y comerciales.<\/p>\n<\/div>\n","protected":false},"excerpt":{"rendered":"<p>EFE \u00a0El gobierno de Ecuador consider\u00f3 \u00abofensivo\u00bb el s\u00e1bado el llamado de Estados Unidos a respetar la libertad de prensa y dijo que ese pa\u00eds carece de autoridad moral para realizar ese tipo de pedidos. El jueves, la subsecretaria estadounidense para Am\u00e9rica Latina, Roberta Jacobson, quien visit\u00f3 Quito en noviembre, escribi\u00f3 en su cuenta de [&hellip;]<\/p>\n","protected":false},"author":7,"featured_media":11308,"comment_status":"open","ping_status":"open","sticky":false,"template":"","format":"standard","meta":{"footnotes":""},"categories":[40,43],"tags":[],"class_list":["post-11304","post","type-post","status-publish","format-standard","has-post-thumbnail","hentry","category-internacionales","category-politica"],"_links":{"self":[{"href":"https:\/\/2horizontes.com\/index.php?rest_route=\/wp\/v2\/posts\/11304","targetHints":{"allow":["GET"]}}],"collection":[{"href":"https:\/\/2horizontes.com\/index.php?rest_route=\/wp\/v2\/posts"}],"about":[{"href":"https:\/\/2horizontes.com\/index.php?rest_route=\/wp\/v2\/types\/post"}],"author":[{"embeddable":true,"href":"https:\/\/2horizontes.com\/index.php?rest_route=\/wp\/v2\/users\/7"}],"replies":[{"embeddable":true,"href":"https:\/\/2horizontes.com\/index.php?rest_route=%2Fwp%2Fv2%2Fcomments&post=11304"}],"version-history":[{"count":1,"href":"https:\/\/2horizontes.com\/index.php?rest_route=\/wp\/v2\/posts\/11304\/revisions"}],"predecessor-version":[{"id":11309,"href":"https:\/\/2horizontes.com\/index.php?rest_route=\/wp\/v2\/posts\/11304\/revisions\/11309"}],"wp:featuredmedia":[{"embeddable":true,"href":"https:\/\/2horizontes.com\/index.php?rest_route=\/wp\/v2\/media\/11308"}],"wp:attachment":[{"href":"https:\/\/2horizontes.com\/index.php?rest_route=%2Fwp%2Fv2%2Fmedia&parent=11304"}],"wp:term":[{"taxonomy":"category","embeddable":true,"href":"https:\/\/2horizontes.com\/index.php?rest_route=%2Fwp%2Fv2%2Fcategories&post=11304"},{"taxonomy":"post_tag","embeddable":true,"href":"https:\/\/2horizontes.com\/index.php?rest_route=%2Fwp%2Fv2%2Ftags&post=11304"}],"curies":[{"name":"wp","href":"https:\/\/api.w.org\/{rel}","templated":true}]}}