{"id":11293,"date":"2015-06-08T10:28:14","date_gmt":"2015-06-08T09:28:14","guid":{"rendered":"http:\/\/2horizontes.com\/?p=11293"},"modified":"2015-06-08T10:28:14","modified_gmt":"2015-06-08T09:28:14","slug":"asesor-presidencial-cubano-aboga-por-descolonizar-uso-de-nuevas-tecnologias","status":"publish","type":"post","link":"https:\/\/2horizontes.com\/?p=11293","title":{"rendered":"Asesor presidencial cubano aboga por \u00abdescolonizar\u00bb uso de nuevas tecnolog\u00edas"},"content":{"rendered":"<p>Cuba.-\u00a0El intelectual cubano Abel Prieto, asesor del presidente Ra\u00fal Castro, inst\u00f3 a los actores progresistas de la comunidad internacional a difundir un \u00abpensamiento descolonizador\u00bb sobre el uso de las nuevas tecnolog\u00edas y promover alternativas para contrarrestar pr\u00e1cticas hegem\u00f3nicas.<\/p>\n<div id=\"ArticleBody\">\n\u00abDebemos promover, Cuba, el ALBA, la CELAC, otros actores progresistas de la comunidad internacional, la difusi\u00f3n de un pensamiento descolonizador sobre el uso de estas tecnolog\u00edas\u00bb, afirm\u00f3 Prieto en la clausura de una conferencia internacional sobre comunicaci\u00f3n pol\u00edtica en el \u00e1mbito digital celebrada en La Habana, informaron medios oficiales.<\/p>\n<p>En su intervenci\u00f3n, reproducida en la web oficial Cubadebate, el tambi\u00e9n exministro de Cultura cubano dijo que el internet es un \u00abderecho social\u00bb y destac\u00f3 que es necesario promover el acceso a la red entre los que menos tienen.<\/p>\n<p>En el caso de Cuba, indic\u00f3 que las nuevas tecnolog\u00edas de la informaci\u00f3n deben ayudar a hacer una sociedad \u00abm\u00e1s din\u00e1mica, eficiente, participativa y justa\u00bb y ser \u00abuna herramienta al servicio del desarrollo humano sostenible del pa\u00eds y de su inserci\u00f3n efectiva en el concierto de naciones\u00bb.<\/p>\n<p>Tambi\u00e9n destac\u00f3 la necesidad de promover alternativas en el uso de las tecnolog\u00edas de la informaci\u00f3n y comunicaci\u00f3n en el \u00e1mbito regional e internacional \u00abque contrarresten las pr\u00e1cticas hegem\u00f3nicas en el \u00e1mbito digital\u00bb.<\/p>\n<p>\u00abTenemos que construir un socialismo digital, no la imitaci\u00f3n del internauta como consumidor enajenado. Hay que acompa\u00f1ar el reto tecnol\u00f3gico con el desaf\u00edo cultural y enfrentar ambos reforzando una conciencia cr\u00edtica colectiva, con la participaci\u00f3n de todos los ciudadanos\u00bb, indic\u00f3.<\/p>\n<p>M\u00e1s de 200 delegados, entre ellos expertos de 34 pa\u00edses, han participado en los \u00faltimos tres d\u00edas en la Conferencia Internacional sobre \u00abNuevos Escenarios de la Comunicaci\u00f3n Pol\u00edtica en el \u00c1mbito Digital\u00bb que ha tenido lugar en el Palacio de las Convenciones de La Habana.<\/p>\n<p>Cuba tiene una de las tasas de penetraci\u00f3n a la red m\u00e1s bajas del mundo: el acceso a internet en la isla es restringido, no se permite la conexi\u00f3n desde los hogares salvo contadas excepciones y las tarifas en las salas de navegaci\u00f3n p\u00fablicas o en hoteles son muy elevadas para la mayor parte de los cubanos.<\/p>\n<p>Tradicionalmente, el Gobierno de la isla ha achacado sus problemas de conectividad al bloqueo de Estados Unidos, pa\u00eds que por su parte ha prometido, en la actual etapa de acercamiento con Cuba, facilitar el acceso a infraestructura inform\u00e1tica para mejorar el acceso a la red.<\/p>\n<\/div>\n<div><\/div>\n<p>&nbsp;<\/p>\n","protected":false},"excerpt":{"rendered":"<p>Cuba.-\u00a0El intelectual cubano Abel Prieto, asesor del presidente Ra\u00fal Castro, inst\u00f3 a los actores progresistas de la comunidad internacional a difundir un \u00abpensamiento descolonizador\u00bb sobre el uso de las nuevas tecnolog\u00edas y promover alternativas para contrarrestar pr\u00e1cticas hegem\u00f3nicas. \u00abDebemos promover, Cuba, el ALBA, la CELAC, otros actores progresistas de la comunidad internacional, la difusi\u00f3n de [&hellip;]<\/p>\n","protected":false},"author":7,"featured_media":11294,"comment_status":"open","ping_status":"open","sticky":false,"template":"","format":"standard","meta":{"footnotes":""},"categories":[49,40,43],"tags":[],"class_list":["post-11293","post","type-post","status-publish","format-standard","has-post-thumbnail","hentry","category-cuba","category-internacionales","category-politica"],"_links":{"self":[{"href":"https:\/\/2horizontes.com\/index.php?rest_route=\/wp\/v2\/posts\/11293","targetHints":{"allow":["GET"]}}],"collection":[{"href":"https:\/\/2horizontes.com\/index.php?rest_route=\/wp\/v2\/posts"}],"about":[{"href":"https:\/\/2horizontes.com\/index.php?rest_route=\/wp\/v2\/types\/post"}],"author":[{"embeddable":true,"href":"https:\/\/2horizontes.com\/index.php?rest_route=\/wp\/v2\/users\/7"}],"replies":[{"embeddable":true,"href":"https:\/\/2horizontes.com\/index.php?rest_route=%2Fwp%2Fv2%2Fcomments&post=11293"}],"version-history":[{"count":1,"href":"https:\/\/2horizontes.com\/index.php?rest_route=\/wp\/v2\/posts\/11293\/revisions"}],"predecessor-version":[{"id":11295,"href":"https:\/\/2horizontes.com\/index.php?rest_route=\/wp\/v2\/posts\/11293\/revisions\/11295"}],"wp:featuredmedia":[{"embeddable":true,"href":"https:\/\/2horizontes.com\/index.php?rest_route=\/wp\/v2\/media\/11294"}],"wp:attachment":[{"href":"https:\/\/2horizontes.com\/index.php?rest_route=%2Fwp%2Fv2%2Fmedia&parent=11293"}],"wp:term":[{"taxonomy":"category","embeddable":true,"href":"https:\/\/2horizontes.com\/index.php?rest_route=%2Fwp%2Fv2%2Fcategories&post=11293"},{"taxonomy":"post_tag","embeddable":true,"href":"https:\/\/2horizontes.com\/index.php?rest_route=%2Fwp%2Fv2%2Ftags&post=11293"}],"curies":[{"name":"wp","href":"https:\/\/api.w.org\/{rel}","templated":true}]}}