{"id":11283,"date":"2015-06-08T10:12:08","date_gmt":"2015-06-08T09:12:08","guid":{"rendered":"http:\/\/2horizontes.com\/?p=11283"},"modified":"2015-06-08T10:12:54","modified_gmt":"2015-06-08T09:12:54","slug":"asesinan-a-primer-exjefe-paramilitar-colombiano-liberado-tras-cumplir-condena","status":"publish","type":"post","link":"https:\/\/2horizontes.com\/?p=11283","title":{"rendered":"Asesinan a primer exjefe paramilitar colombiano liberado tras cumplir condena"},"content":{"rendered":"<div id=\"ArticleAuthorDiv\" class=\"article-body-author\"><b>EFE<\/b><\/div>\n<div id=\"ArticleSourceDiv\" class=\"article-body-author\"><b>Bogot\u00e1, Colombia<\/b><\/div>\n<div id=\"ArticleBody\">\n<p>Jos\u00e9 de Jes\u00fas P\u00e9rez Jim\u00e9nez, alias \u00absancocho\u00bb, el primer exjefe paramilitar colombiano excarcelado tras cumplir su condena, fue asesinado este s\u00e1bado en Medell\u00edn (noroeste) por dos presuntos miembros de una banda de delincuentes, confirmaron fuentes policiales.<\/p>\n<p>\u00abSancocho\u00bb fue \u00abrematado\u00bb por dos hombres armados que accedieron a trav\u00e9s de una escalera exterior al interior de la vivienda en la que resid\u00eda desde hac\u00eda quince d\u00edas, precis\u00f3 el teniente coronel Luis Alfredo Cogollo Rueda, de la Polic\u00eda de Medell\u00edn, en declaraciones difundidas a medios.<\/p>\n<p>P\u00e9rez, de 46 a\u00f1os, se encontraba viendo la final de la Liga de Campeones con Walter Manuel P\u00e9rez, quien tambi\u00e9n muri\u00f3 como consecuencia de los disparos.<\/p>\n<p>En su huida, los criminales hirieron de bala a Andr\u00e9s Felipe \u00c1lvarez, un joven de 24 a\u00f1os que arreglaba en ese momento una motocicleta en la calle y que falleci\u00f3 en el hospital al que fue trasladado.<\/p>\n<p>Los responsables \u00abal parecer pertenecen a una banda delincuencial\u00bb, dijo el teniente coronel, que precis\u00f3 que la Fiscal\u00eda eval\u00faa las pruebas halladas en la vivienda antes de descartar cualquier otra posibilidad.<\/p>\n<p>Alias \u00abSancocho\u00bb hab\u00eda cumplido ocho a\u00f1os de c\u00e1rcel, la pena m\u00e1xima que contempla la Ley de Justicia y Paz, dise\u00f1ada durante la Presidencia de \u00c1lvaro Uribe (2002-2010) para los paramilitares que se desmovilizaron tras la disoluci\u00f3n de las Autodefensas Unidas de\u00a0Colombia\u00a0(AUC) en 2006.<\/p>\n<p>Durante su proceso judicial se determin\u00f3 que P\u00e9rez fue uno de los comandantes del bloque Calima, responsable entre otros cr\u00edmenes de la masacre del Naya, en el departamento del Cauca (suroeste) en 2001, donde fueron asesinadas m\u00e1s de veinte personas.<\/p>\n<\/div>\n","protected":false},"excerpt":{"rendered":"<p>EFE Bogot\u00e1, Colombia Jos\u00e9 de Jes\u00fas P\u00e9rez Jim\u00e9nez, alias \u00absancocho\u00bb, el primer exjefe paramilitar colombiano excarcelado tras cumplir su condena, fue asesinado este s\u00e1bado en Medell\u00edn (noroeste) por dos presuntos miembros de una banda de delincuentes, confirmaron fuentes policiales. \u00abSancocho\u00bb fue \u00abrematado\u00bb por dos hombres armados que accedieron a trav\u00e9s de una escalera exterior al [&hellip;]<\/p>\n","protected":false},"author":7,"featured_media":11284,"comment_status":"open","ping_status":"open","sticky":false,"template":"","format":"standard","meta":{"footnotes":""},"categories":[50,40],"tags":[],"class_list":["post-11283","post","type-post","status-publish","format-standard","has-post-thumbnail","hentry","category-colombia","category-internacionales"],"_links":{"self":[{"href":"https:\/\/2horizontes.com\/index.php?rest_route=\/wp\/v2\/posts\/11283","targetHints":{"allow":["GET"]}}],"collection":[{"href":"https:\/\/2horizontes.com\/index.php?rest_route=\/wp\/v2\/posts"}],"about":[{"href":"https:\/\/2horizontes.com\/index.php?rest_route=\/wp\/v2\/types\/post"}],"author":[{"embeddable":true,"href":"https:\/\/2horizontes.com\/index.php?rest_route=\/wp\/v2\/users\/7"}],"replies":[{"embeddable":true,"href":"https:\/\/2horizontes.com\/index.php?rest_route=%2Fwp%2Fv2%2Fcomments&post=11283"}],"version-history":[{"count":1,"href":"https:\/\/2horizontes.com\/index.php?rest_route=\/wp\/v2\/posts\/11283\/revisions"}],"predecessor-version":[{"id":11285,"href":"https:\/\/2horizontes.com\/index.php?rest_route=\/wp\/v2\/posts\/11283\/revisions\/11285"}],"wp:featuredmedia":[{"embeddable":true,"href":"https:\/\/2horizontes.com\/index.php?rest_route=\/wp\/v2\/media\/11284"}],"wp:attachment":[{"href":"https:\/\/2horizontes.com\/index.php?rest_route=%2Fwp%2Fv2%2Fmedia&parent=11283"}],"wp:term":[{"taxonomy":"category","embeddable":true,"href":"https:\/\/2horizontes.com\/index.php?rest_route=%2Fwp%2Fv2%2Fcategories&post=11283"},{"taxonomy":"post_tag","embeddable":true,"href":"https:\/\/2horizontes.com\/index.php?rest_route=%2Fwp%2Fv2%2Ftags&post=11283"}],"curies":[{"name":"wp","href":"https:\/\/api.w.org\/{rel}","templated":true}]}}