{"id":11269,"date":"2015-06-07T23:00:55","date_gmt":"2015-06-07T22:00:55","guid":{"rendered":"http:\/\/2horizontes.com\/?p=11269"},"modified":"2015-06-07T23:00:55","modified_gmt":"2015-06-07T22:00:55","slug":"un-vigilante-privado-se-suicida-en-casa-de-su-expareja-en-santiago","status":"publish","type":"post","link":"https:\/\/2horizontes.com\/?p=11269","title":{"rendered":"Un vigilante privado se suicida en casa de su expareja en Santiago"},"content":{"rendered":"<div id=\"ArticleBody\">\n<p>RD- SANTIAGO-Un ex agente de la Polic\u00eda Nacional se suicid\u00f3 de un disparo a la cabeza en una habitaci\u00f3n de una residencia del barrio Pek\u00edn de esta ciudad de Santiago, sin que se conozcan los motivos.<\/p>\n<p>El ex raso Jos\u00e9 Antonio Peralta Tavera estaba de visita en la casa de su ex pareja, cuyo nombre no fue ofrecido, cuando se hizo un disparo en la cabeza con una pistola que portaba propiedad de una empresa de vigilantes privados en la que trabajaba.<\/p>\n<p>El cuerpo sin vida de Peralta Tavera fue llevado al Instituto Nacional de Ciencias Forenses para la autopsia de lugar, mientras las autoridades policiales investigan las circunstancias del hecho.<\/p>\n<\/div>\n<div><\/div>\n<p>&nbsp;<\/p>\n","protected":false},"excerpt":{"rendered":"<p>RD- SANTIAGO-Un ex agente de la Polic\u00eda Nacional se suicid\u00f3 de un disparo a la cabeza en una habitaci\u00f3n de una residencia del barrio Pek\u00edn de esta ciudad de Santiago, sin que se conozcan los motivos. El ex raso Jos\u00e9 Antonio Peralta Tavera estaba de visita en la casa de su ex pareja, cuyo nombre [&hellip;]<\/p>\n","protected":false},"author":8,"featured_media":9537,"comment_status":"open","ping_status":"open","sticky":false,"template":"","format":"standard","meta":{"footnotes":""},"categories":[53],"tags":[],"class_list":["post-11269","post","type-post","status-publish","format-standard","has-post-thumbnail","hentry","category-provincias"],"_links":{"self":[{"href":"https:\/\/2horizontes.com\/index.php?rest_route=\/wp\/v2\/posts\/11269","targetHints":{"allow":["GET"]}}],"collection":[{"href":"https:\/\/2horizontes.com\/index.php?rest_route=\/wp\/v2\/posts"}],"about":[{"href":"https:\/\/2horizontes.com\/index.php?rest_route=\/wp\/v2\/types\/post"}],"author":[{"embeddable":true,"href":"https:\/\/2horizontes.com\/index.php?rest_route=\/wp\/v2\/users\/8"}],"replies":[{"embeddable":true,"href":"https:\/\/2horizontes.com\/index.php?rest_route=%2Fwp%2Fv2%2Fcomments&post=11269"}],"version-history":[{"count":1,"href":"https:\/\/2horizontes.com\/index.php?rest_route=\/wp\/v2\/posts\/11269\/revisions"}],"predecessor-version":[{"id":11270,"href":"https:\/\/2horizontes.com\/index.php?rest_route=\/wp\/v2\/posts\/11269\/revisions\/11270"}],"wp:featuredmedia":[{"embeddable":true,"href":"https:\/\/2horizontes.com\/index.php?rest_route=\/wp\/v2\/media\/9537"}],"wp:attachment":[{"href":"https:\/\/2horizontes.com\/index.php?rest_route=%2Fwp%2Fv2%2Fmedia&parent=11269"}],"wp:term":[{"taxonomy":"category","embeddable":true,"href":"https:\/\/2horizontes.com\/index.php?rest_route=%2Fwp%2Fv2%2Fcategories&post=11269"},{"taxonomy":"post_tag","embeddable":true,"href":"https:\/\/2horizontes.com\/index.php?rest_route=%2Fwp%2Fv2%2Ftags&post=11269"}],"curies":[{"name":"wp","href":"https:\/\/api.w.org\/{rel}","templated":true}]}}