{"id":11263,"date":"2015-06-07T22:00:24","date_gmt":"2015-06-07T21:00:24","guid":{"rendered":"http:\/\/2horizontes.com\/?p=11263"},"modified":"2015-06-07T22:00:24","modified_gmt":"2015-06-07T21:00:24","slug":"ylenia-padilla-firma-con-warner-music","status":"publish","type":"post","link":"https:\/\/2horizontes.com\/?p=11263","title":{"rendered":"Ylenia Padilla firma con Warner Music"},"content":{"rendered":"<p>Se dio a conocer en &#8216;Gand\u00eda Shore&#8217;, sus \u00abtiki tiki\u00bb y \u00abhasta nunqui\u00bb se hicieron famosos en &#8216;Gran Hermano VIP&#8217; e incluso hizo sus pinitos como reportera de &#8216;S\u00e1lvame&#8217;, pero Ylenia ha ido m\u00e1s all\u00e1: \u00abMe han ofrecido un proyecto musical muy importante que me llena mucho. Estoy super ilusionada porque Warner Music haya confiado en mi. Este verano vais a poder escucharme y espero sorprenderos a todos\u00bb, dec\u00eda la rubia en una entrevista concedida en la revista Lecturas.<\/p>\n<p>La discogr\u00e1fica podr\u00eda haber puesto el ojo en la de Benidorm teniendo en cuenta el \u00e9xito que arrastra en los bolos que protagoniza en salas y discotecas. Ya lo dec\u00eda la propia Ylenia en su v\u00eddeo de presentaci\u00f3n para &#8216;Gran Hermano VIP&#8217;: \u00ab\u00a1All\u00e1 adonde voy dejo huella siempre!\u00bb.<\/p>\n<p>El grupo de Ylenia grab\u00f3 la canci\u00f3n \u00abMi nuevo vicio\u00bb de la mexicana y prepar\u00f3 una coreograf\u00eda para acompa\u00f1ar al tema. En la noche de la gala, las chicas cantaron en playback la canci\u00f3n que hab\u00edan grabado y desarrollaron la coreograf\u00eda que prepararon. Tras la actuaci\u00f3n, el blog de &#8216;El gato encerrado&#8217; alab\u00f3 el trabajo de la de Benidorm: \u00abYlenia canta mejor que Paulina Rubio. Las cosas como son. Creo que tiene futuro encima de un escenario con el boniato, digo la alcachofa, en la mano. Si pasan la prueba se lo deben agradecer a Ylenia por su voz y a Chari por las coreograf\u00edas\u00bb, escribi\u00f3 el bloguero.<\/p>\n","protected":false},"excerpt":{"rendered":"<p>Se dio a conocer en &#8216;Gand\u00eda Shore&#8217;, sus \u00abtiki tiki\u00bb y \u00abhasta nunqui\u00bb se hicieron famosos en &#8216;Gran Hermano VIP&#8217; e incluso hizo sus pinitos como reportera de &#8216;S\u00e1lvame&#8217;, pero Ylenia ha ido m\u00e1s all\u00e1: \u00abMe han ofrecido un proyecto musical muy importante que me llena mucho. Estoy super ilusionada porque Warner Music haya confiado [&hellip;]<\/p>\n","protected":false},"author":3,"featured_media":11264,"comment_status":"open","ping_status":"open","sticky":false,"template":"","format":"standard","meta":{"footnotes":""},"categories":[1,85],"tags":[],"class_list":["post-11263","post","type-post","status-publish","format-standard","has-post-thumbnail","hentry","category-entretenimiento","category-espana"],"_links":{"self":[{"href":"https:\/\/2horizontes.com\/index.php?rest_route=\/wp\/v2\/posts\/11263","targetHints":{"allow":["GET"]}}],"collection":[{"href":"https:\/\/2horizontes.com\/index.php?rest_route=\/wp\/v2\/posts"}],"about":[{"href":"https:\/\/2horizontes.com\/index.php?rest_route=\/wp\/v2\/types\/post"}],"author":[{"embeddable":true,"href":"https:\/\/2horizontes.com\/index.php?rest_route=\/wp\/v2\/users\/3"}],"replies":[{"embeddable":true,"href":"https:\/\/2horizontes.com\/index.php?rest_route=%2Fwp%2Fv2%2Fcomments&post=11263"}],"version-history":[{"count":1,"href":"https:\/\/2horizontes.com\/index.php?rest_route=\/wp\/v2\/posts\/11263\/revisions"}],"predecessor-version":[{"id":11265,"href":"https:\/\/2horizontes.com\/index.php?rest_route=\/wp\/v2\/posts\/11263\/revisions\/11265"}],"wp:featuredmedia":[{"embeddable":true,"href":"https:\/\/2horizontes.com\/index.php?rest_route=\/wp\/v2\/media\/11264"}],"wp:attachment":[{"href":"https:\/\/2horizontes.com\/index.php?rest_route=%2Fwp%2Fv2%2Fmedia&parent=11263"}],"wp:term":[{"taxonomy":"category","embeddable":true,"href":"https:\/\/2horizontes.com\/index.php?rest_route=%2Fwp%2Fv2%2Fcategories&post=11263"},{"taxonomy":"post_tag","embeddable":true,"href":"https:\/\/2horizontes.com\/index.php?rest_route=%2Fwp%2Fv2%2Ftags&post=11263"}],"curies":[{"name":"wp","href":"https:\/\/api.w.org\/{rel}","templated":true}]}}