{"id":11228,"date":"2015-06-06T20:55:00","date_gmt":"2015-06-06T19:55:00","guid":{"rendered":"http:\/\/2horizontes.com\/?p=11228"},"modified":"2015-06-06T20:55:00","modified_gmt":"2015-06-06T19:55:00","slug":"despedida-a-lo-grande-en-bilbao","status":"publish","type":"post","link":"https:\/\/2horizontes.com\/?p=11228","title":{"rendered":"Despedida a lo grande en Bilbao"},"content":{"rendered":"<p>Ibon Areso, alcalde de Bilbao en el \u00faltimo a\u00f1o y el concejal m\u00e1s veterano del pleno, tras 24 a\u00f1os de ejercicio, se ha despedido hoy del Ayuntamiento \u00absatisfecho\u00bb por haber intentado \u00abdignificar\u00bb la pol\u00edtica en \u00abtiempos convulsos\u00bb. La corporaci\u00f3n bilba\u00edna ha celebrado este mediod\u00eda un pleno extraordinario, el \u00faltimo del mandato, para despedir y entregar la medalla de la villa a los 18 concejales que abandonan el consistorio, antes de que el pr\u00f3ximo d\u00eda 13 se constituya el nuevo Ayuntamiento elegido en los comicios del pasado 24 de mayo. El momento m\u00e1s emotivo de la sesi\u00f3n se ha producido cuando el propio Areso ha recibido la medalla de Bilbao, que le ha impuesto la edil saliente Ibone Bengoetxea con toda la corporaci\u00f3n puesta en pie y en medio de una ovaci\u00f3n fuerte y prolongada que le han dedicado todos los concejales.<\/p>\n<p>Al inicio del pleno, y en nombre de los corporativos que dejan el consistorio, Areso, que accedi\u00f3 a la Alcald\u00eda en marzo del pasado a\u00f1o tras el fallecimiento del anterior regidor, I\u00f1aki Azkuna, ha resaltado que para todos ha sido \u00abun orgullo\u00bb pertenecer al gobierno municipal de la capital vizca\u00edna. El alcalde en funciones ha puesto de relieve que han \u00abintentado dignificar la pol\u00edtica en todo lo posible, en unos tiempos bastante convulsos\u00bb, por lo que est\u00e1n \u00abbastante satisfechos\u00bb por ese esfuerzo, en el que Bilbao ha sido \u00abun modelo\u00bb.<\/p>\n<p>Areso ha remarcado que queda pendiente \u00abel reto del desempleo\u00bb, aunque ha considerado que la corporaci\u00f3n saliente deja unos \u00abcimientos correctos\u00bb para enfrentarse a esta \u00abdemanda acuciante\u00bb y para que \u00abBilbao triunfe una vez m\u00e1s en solidaridad social, modernizaci\u00f3n y apertura de miras\u00bb. Ha subrayado que es preciso \u00abmovilizar energ\u00edas internas y captar inversiones externas\u00bb. Areso, de 71 a\u00f1os, un hombre clave en la transformaci\u00f3n de la capital vizca\u00edna tras haber estado m\u00e1s de dos d\u00e9cadas como concejal de urbanismo, ha subrayado que Bilbao ha sido capaz de \u00abcompatibilizar y combinar la tradici\u00f3n y la modernidad sin tener que renunciar en ning\u00fan caso a lo uno por lo otro\u00bb. En lo que ha denominado \u00abuno de los relevos m\u00e1s potentes que se producen en esta c\u00e1mara\u00bb, con la marcha de 18 de los 29 ediles que componen el pleno en la capital vizca\u00edna, Areso ha agradecido la ayuda de los vecinos y les ha pedido \u00abdisculpas\u00bb por las ocasiones, \u00abescas\u00edsimas\u00bb, en las que los concejales no han tenido la \u00abdebida cortes\u00eda\u00bb entre ellos.<\/p>\n","protected":false},"excerpt":{"rendered":"<p>Ibon Areso, alcalde de Bilbao en el \u00faltimo a\u00f1o y el concejal m\u00e1s veterano del pleno, tras 24 a\u00f1os de ejercicio, se ha despedido hoy del Ayuntamiento \u00absatisfecho\u00bb por haber intentado \u00abdignificar\u00bb la pol\u00edtica en \u00abtiempos convulsos\u00bb. La corporaci\u00f3n bilba\u00edna ha celebrado este mediod\u00eda un pleno extraordinario, el \u00faltimo del mandato, para despedir y entregar [&hellip;]<\/p>\n","protected":false},"author":3,"featured_media":11230,"comment_status":"open","ping_status":"open","sticky":false,"template":"","format":"standard","meta":{"footnotes":""},"categories":[85],"tags":[],"class_list":["post-11228","post","type-post","status-publish","format-standard","has-post-thumbnail","hentry","category-espana"],"_links":{"self":[{"href":"https:\/\/2horizontes.com\/index.php?rest_route=\/wp\/v2\/posts\/11228","targetHints":{"allow":["GET"]}}],"collection":[{"href":"https:\/\/2horizontes.com\/index.php?rest_route=\/wp\/v2\/posts"}],"about":[{"href":"https:\/\/2horizontes.com\/index.php?rest_route=\/wp\/v2\/types\/post"}],"author":[{"embeddable":true,"href":"https:\/\/2horizontes.com\/index.php?rest_route=\/wp\/v2\/users\/3"}],"replies":[{"embeddable":true,"href":"https:\/\/2horizontes.com\/index.php?rest_route=%2Fwp%2Fv2%2Fcomments&post=11228"}],"version-history":[{"count":1,"href":"https:\/\/2horizontes.com\/index.php?rest_route=\/wp\/v2\/posts\/11228\/revisions"}],"predecessor-version":[{"id":11231,"href":"https:\/\/2horizontes.com\/index.php?rest_route=\/wp\/v2\/posts\/11228\/revisions\/11231"}],"wp:featuredmedia":[{"embeddable":true,"href":"https:\/\/2horizontes.com\/index.php?rest_route=\/wp\/v2\/media\/11230"}],"wp:attachment":[{"href":"https:\/\/2horizontes.com\/index.php?rest_route=%2Fwp%2Fv2%2Fmedia&parent=11228"}],"wp:term":[{"taxonomy":"category","embeddable":true,"href":"https:\/\/2horizontes.com\/index.php?rest_route=%2Fwp%2Fv2%2Fcategories&post=11228"},{"taxonomy":"post_tag","embeddable":true,"href":"https:\/\/2horizontes.com\/index.php?rest_route=%2Fwp%2Fv2%2Ftags&post=11228"}],"curies":[{"name":"wp","href":"https:\/\/api.w.org\/{rel}","templated":true}]}}