{"id":11225,"date":"2015-06-06T20:50:01","date_gmt":"2015-06-06T19:50:01","guid":{"rendered":"http:\/\/2horizontes.com\/?p=11225"},"modified":"2015-06-06T20:50:01","modified_gmt":"2015-06-06T19:50:01","slug":"el-juez-envia-a-prision-a-la-madre-de-los-tres-ninos-desaparecidos-en-jaen","status":"publish","type":"post","link":"https:\/\/2horizontes.com\/?p=11225","title":{"rendered":"El juez env\u00eda a prisi\u00f3n a la madre de los tres ni\u00f1os desaparecidos en Ja\u00e9n"},"content":{"rendered":"<p>El juez de guardia de Madrid que ha tomado declaraci\u00f3n este s\u00e1bado a la madre de los tres ni\u00f1os desaparecidos en Ja\u00e9n ha acordado mandarla a prisi\u00f3n provisional comunicada y sin fianza. Vanesa V. M. es la \u00fanica persona que por el momento ha pasado a disposici\u00f3n judicial por este caso en Madrid. Sobre ella pesa una imputaci\u00f3n inicial de sustracci\u00f3n de menores.<\/p>\n<div id=\"cuerpo_noticia\" class=\"cuerpo_noticia\">\n<p>La madre y la t\u00eda de los ni\u00f1os han declarado esta ma\u00f1ana ante el juez despu\u00e9s de que ayer por la tarde la Guardia Civil encontrara en el piso de la t\u00eda, en el barrio de Villaverde, en Madrid, a los tres peque\u00f1os de tres, cinco y siete a\u00f1os.<\/p>\n<p>Los ni\u00f1os llevaban desaparecidos desde el martes pasado. Su padre, un hombre de 47 a\u00f1os y vecino de Ja\u00e9n, fue detenido por su supuesta implicaci\u00f3n en la desaparici\u00f3n de sus tres hijos, quienes estaban bajo la tutela de la Junta de Andaluc\u00eda en un centro de acogida en la localidad jiennense de La Carolina. Los ni\u00f1os desaparecieron el pasado martes durante una visita del padre y tras el \u00abdespiste\u00bb del psic\u00f3logo del centro de menores que los acompa\u00f1aba. El hombre sostuvo que los perdi\u00f3 en un parque cercano al centro.<\/p>\n<p>El magistrado del Juzgado de Instrucci\u00f3n n\u00famero 13 de Madrid se ha inhibido al Juzgado de Instrucci\u00f3n n\u00famero 1 de La Carolina (Ja\u00e9n), que es el \u00f3rgano que conoce de las actuaciones, seg\u00fan ha informado el Tribunal Superior de Justicia de Madrid (TSJM) en un comunicado.<\/p>\n<p>La delegada del Gobierno de la Junta de Andaluc\u00eda en Ja\u00e9n, Purificaci\u00f3n G\u00e1lvez, ha anunciado que este s\u00e1bado trasladar\u00e1n a un centro andaluz a los tres hermanos. En declaraciones a Efe, G\u00e1lvez ha se\u00f1alado que se ha desplazado a Madrid un equipo especializado en asuntos de menores para garantizar y velar por la seguridad y la protecci\u00f3n de los ni\u00f1os, que est\u00e1n desde el pasado diciembre bajo la tutela de la Junta de Andaluc\u00eda.<\/p>\n<\/div>\n","protected":false},"excerpt":{"rendered":"<p>El juez de guardia de Madrid que ha tomado declaraci\u00f3n este s\u00e1bado a la madre de los tres ni\u00f1os desaparecidos en Ja\u00e9n ha acordado mandarla a prisi\u00f3n provisional comunicada y sin fianza. Vanesa V. M. es la \u00fanica persona que por el momento ha pasado a disposici\u00f3n judicial por este caso en Madrid. Sobre ella [&hellip;]<\/p>\n","protected":false},"author":3,"featured_media":11226,"comment_status":"open","ping_status":"open","sticky":false,"template":"","format":"standard","meta":{"footnotes":""},"categories":[85],"tags":[],"class_list":["post-11225","post","type-post","status-publish","format-standard","has-post-thumbnail","hentry","category-espana"],"_links":{"self":[{"href":"https:\/\/2horizontes.com\/index.php?rest_route=\/wp\/v2\/posts\/11225","targetHints":{"allow":["GET"]}}],"collection":[{"href":"https:\/\/2horizontes.com\/index.php?rest_route=\/wp\/v2\/posts"}],"about":[{"href":"https:\/\/2horizontes.com\/index.php?rest_route=\/wp\/v2\/types\/post"}],"author":[{"embeddable":true,"href":"https:\/\/2horizontes.com\/index.php?rest_route=\/wp\/v2\/users\/3"}],"replies":[{"embeddable":true,"href":"https:\/\/2horizontes.com\/index.php?rest_route=%2Fwp%2Fv2%2Fcomments&post=11225"}],"version-history":[{"count":1,"href":"https:\/\/2horizontes.com\/index.php?rest_route=\/wp\/v2\/posts\/11225\/revisions"}],"predecessor-version":[{"id":11227,"href":"https:\/\/2horizontes.com\/index.php?rest_route=\/wp\/v2\/posts\/11225\/revisions\/11227"}],"wp:featuredmedia":[{"embeddable":true,"href":"https:\/\/2horizontes.com\/index.php?rest_route=\/wp\/v2\/media\/11226"}],"wp:attachment":[{"href":"https:\/\/2horizontes.com\/index.php?rest_route=%2Fwp%2Fv2%2Fmedia&parent=11225"}],"wp:term":[{"taxonomy":"category","embeddable":true,"href":"https:\/\/2horizontes.com\/index.php?rest_route=%2Fwp%2Fv2%2Fcategories&post=11225"},{"taxonomy":"post_tag","embeddable":true,"href":"https:\/\/2horizontes.com\/index.php?rest_route=%2Fwp%2Fv2%2Ftags&post=11225"}],"curies":[{"name":"wp","href":"https:\/\/api.w.org\/{rel}","templated":true}]}}