{"id":11215,"date":"2015-06-06T20:25:59","date_gmt":"2015-06-06T19:25:59","guid":{"rendered":"http:\/\/2horizontes.com\/?p=11215"},"modified":"2015-06-06T20:25:59","modified_gmt":"2015-06-06T19:25:59","slug":"aplausos-y-vitores-a-los-reyes-en-su-primer-dia-de-las-fuerzas-armadas","status":"publish","type":"post","link":"https:\/\/2horizontes.com\/?p=11215","title":{"rendered":"Aplausos y v\u00edtores a los Reyes en su primer D\u00eda de las Fuerzas Armadas"},"content":{"rendered":"<p>Felipe VI y Letizia se han estrenado ste s\u00e1bado como Reyes en el acto central del D\u00eda de las Fuerzas Armadas, donde han sido acogidos con aplausos y gritos de \u00abviva Espa\u00f1a\u00bb y \u00abviva la Corona\u00bb de cientos de personas que han presenciado la celebraci\u00f3n.<\/p>\n<div id=\"cuerpo_noticia\" class=\"cuerpo_noticia\">\n<p>Esta ha sido la primera vez que don Felipe, que vest\u00eda uniforme del Ej\u00e9rcito de Tierra, preside el acto central de la principal fiesta militar como capit\u00e1n general de los ej\u00e9rcitos, en su calidad de jefe supremo de las Fuerzas Armadas.<\/p>\n<p>El acto central comenz\u00f3 con la llegada de los Reyes a la plaza de la Lealtad y, tras o\u00edr el himno, el Rey pas\u00f3 revista a las tropas. Inmediatamente comenz\u00f3 el acto de homenaje a los que dieron su vida por Espa\u00f1a. El momento m\u00e1s emotivo ha llegado cuando don Felipe ha colocado una corona de laurel ante la llama perenne del monumento, mientras sonaban los acordes de \u00abLa muerte no es el final\u00bb. Entonces se han repetido los aplausos del p\u00fablico.<\/p>\n<div id=\"sumario_1|foto\" class=\"derecha\">Momento del acto de Izado Solemne de Bandera en la Plaza de Col\u00f3n de Madrid con motivo del D\u00eda de las Fuerzas Armadas. \/ <span class=\"firma\">Ballesteros\u00a0(efe)<\/span><\/div>\n<p>Unos 600 militares correspondientes a una unidad de la Guardia Real y cuatro compa\u00f1\u00edas del Ej\u00e9rcito de Tierra, Ej\u00e9rcito del Aire, Armada y Guardia Civil han marchado a pie ante la tribuna de autoridades.<\/p>\n<p>El ministro de Defensa, Pedro Moren\u00e9s, ha afirmado que las Fuerzas Armadas \u00abforman parte fundamental de la sociedad espa\u00f1ola\u00bb y se sienten reconocidas por la misma. El titular de Defensa, en declaraciones a TVE ha afirmado que el rey Felipe VI \u00abha asumido perfectamente su papel de mando supremo\u00bb de los tres ej\u00e9rcitos\u00bb.<\/p>\n<p>Adem\u00e1s, ha a\u00f1adido que, ya siendo pr\u00edncipe de Asturias, \u00abdemostr\u00f3 un conocimiento profundo de esta instituci\u00f3n y un cari\u00f1o tremendo\u00bb. La de hoy es la primera vez que Felipe VI preside como rey los actos organizados con motivo del D\u00eda de las Fuerzas Armadas.<\/p>\n<p>Moren\u00e9s calific\u00f3 de \u00abacuerdo fundamental\u00bb el que Espa\u00f1a y los Estados Unidos tienen previsto firmar para convertir en \u00abpermanente\u00bb la base de Mor\u00f3n (Sevilla).<\/p>\n<p>La celebraci\u00f3n del D\u00eda de las Fuerzas Armadas ha comenzado con el izado solemne de bandera, una ense\u00f1a de 290 metros cuadrados en la madrile\u00f1a plaza de Col\u00f3n, en un acto presidido por el jefe de Estado Mayor de la Defensa (JEMAD), almirante general Fernando Garc\u00eda S\u00e1nchez.<\/p>\n<p>Despu\u00e9s de que los jefes militares pasaran revista a la Fuerza, se ha procedido al izado de la bandera, que mide 290 metros cuadrados (21 x 14 metros), pesa 35 kilos y se soporta en un m\u00e1stil de acero de 50 metros de altura.<\/p>\n<p>Decenas de personas han presenciado el breve acto que ha durado unos 15 minutos y en el que han participado 172 militares de los tres ej\u00e9rcitos y la Guardia Civil.<\/p>\n<\/div>\n","protected":false},"excerpt":{"rendered":"<p>Felipe VI y Letizia se han estrenado ste s\u00e1bado como Reyes en el acto central del D\u00eda de las Fuerzas Armadas, donde han sido acogidos con aplausos y gritos de \u00abviva Espa\u00f1a\u00bb y \u00abviva la Corona\u00bb de cientos de personas que han presenciado la celebraci\u00f3n. Esta ha sido la primera vez que don Felipe, que [&hellip;]<\/p>\n","protected":false},"author":3,"featured_media":11216,"comment_status":"open","ping_status":"open","sticky":false,"template":"","format":"standard","meta":{"footnotes":""},"categories":[85],"tags":[],"class_list":["post-11215","post","type-post","status-publish","format-standard","has-post-thumbnail","hentry","category-espana"],"_links":{"self":[{"href":"https:\/\/2horizontes.com\/index.php?rest_route=\/wp\/v2\/posts\/11215","targetHints":{"allow":["GET"]}}],"collection":[{"href":"https:\/\/2horizontes.com\/index.php?rest_route=\/wp\/v2\/posts"}],"about":[{"href":"https:\/\/2horizontes.com\/index.php?rest_route=\/wp\/v2\/types\/post"}],"author":[{"embeddable":true,"href":"https:\/\/2horizontes.com\/index.php?rest_route=\/wp\/v2\/users\/3"}],"replies":[{"embeddable":true,"href":"https:\/\/2horizontes.com\/index.php?rest_route=%2Fwp%2Fv2%2Fcomments&post=11215"}],"version-history":[{"count":1,"href":"https:\/\/2horizontes.com\/index.php?rest_route=\/wp\/v2\/posts\/11215\/revisions"}],"predecessor-version":[{"id":11217,"href":"https:\/\/2horizontes.com\/index.php?rest_route=\/wp\/v2\/posts\/11215\/revisions\/11217"}],"wp:featuredmedia":[{"embeddable":true,"href":"https:\/\/2horizontes.com\/index.php?rest_route=\/wp\/v2\/media\/11216"}],"wp:attachment":[{"href":"https:\/\/2horizontes.com\/index.php?rest_route=%2Fwp%2Fv2%2Fmedia&parent=11215"}],"wp:term":[{"taxonomy":"category","embeddable":true,"href":"https:\/\/2horizontes.com\/index.php?rest_route=%2Fwp%2Fv2%2Fcategories&post=11215"},{"taxonomy":"post_tag","embeddable":true,"href":"https:\/\/2horizontes.com\/index.php?rest_route=%2Fwp%2Fv2%2Ftags&post=11215"}],"curies":[{"name":"wp","href":"https:\/\/api.w.org\/{rel}","templated":true}]}}