{"id":11194,"date":"2015-06-06T14:15:23","date_gmt":"2015-06-06T13:15:23","guid":{"rendered":"http:\/\/2horizontes.com\/?p=11194"},"modified":"2015-06-06T14:15:23","modified_gmt":"2015-06-06T13:15:23","slug":"un-ano-de-preision-preventiva-a-hombre-que-mato-a-tres-mujeres-en-moca-rd","status":"publish","type":"post","link":"https:\/\/2horizontes.com\/?p=11194","title":{"rendered":"Un a\u00f1o de preision preventiva a hombre que mato a tres mujeres en Moca RD."},"content":{"rendered":"<p style=\"text-align: justify\">MOCA REPUBLICA DOMINICANA.- El Juez de Instrucci\u00f3n de la Provincia Espaillat impuso un a\u00f1o de prisi\u00f3n preventiva contra Tom\u00e1s Rafael Sosa Rodr\u00edguez, quien en la madrugada del jueves mat\u00f3 a tiros a su pareja Andreina Espinal, a Mar\u00eda Altagracia Espinal y Lizbanesa Espinal, t\u00eda y prima de la primera.<\/p>\n<p style=\"text-align: justify\">El fiscal Jos\u00e9 An\u00edbal Carela dijo que el juez actuante declar\u00f3 el caso complejo y acogi\u00f3 la solicitud del ministerio p\u00fablico que pidi\u00f3 un a\u00f1o de prisi\u00f3n para profundizar las investigaciones del triple crimen.<\/p>\n<p style=\"text-align: justify\">Mientras que el abogado del imputado dijo que no era deportado de Estados Unidos aunque en esa naci\u00f3n ten\u00eda un caso pendiente vinculado al negocio de venta de cigarrillos. Tomas Rafael Sosa cumplir\u00e1 la prisi\u00f3n en la c\u00e1rcel de Rafey.<\/p>\n<p style=\"text-align: justify\">\nCon una gran cantidad de personas que acompa\u00f1\u00f3 hoy el entierro de las tres mujeres, con expresiones de dolor y reclamo de justicia.<\/p>\n<p style=\"text-align: justify\">Los cuerpos fueron velados juntos en la funeraria municipal de Moca, y sepultados en el cementerio municipal de esa provincia mocana.<\/p>\n<p>&nbsp;<\/p>\n","protected":false},"excerpt":{"rendered":"<p>MOCA REPUBLICA DOMINICANA.- El Juez de Instrucci\u00f3n de la Provincia Espaillat impuso un a\u00f1o de prisi\u00f3n preventiva contra Tom\u00e1s Rafael Sosa Rodr\u00edguez, quien en la madrugada del jueves mat\u00f3 a tiros a su pareja Andreina Espinal, a Mar\u00eda Altagracia Espinal y Lizbanesa Espinal, t\u00eda y prima de la primera. El fiscal Jos\u00e9 An\u00edbal Carela dijo [&hellip;]<\/p>\n","protected":false},"author":6,"featured_media":11198,"comment_status":"open","ping_status":"open","sticky":false,"template":"","format":"standard","meta":{"footnotes":""},"categories":[53,44],"tags":[],"class_list":["post-11194","post","type-post","status-publish","format-standard","has-post-thumbnail","hentry","category-provincias","category-republica-dominicana"],"_links":{"self":[{"href":"https:\/\/2horizontes.com\/index.php?rest_route=\/wp\/v2\/posts\/11194","targetHints":{"allow":["GET"]}}],"collection":[{"href":"https:\/\/2horizontes.com\/index.php?rest_route=\/wp\/v2\/posts"}],"about":[{"href":"https:\/\/2horizontes.com\/index.php?rest_route=\/wp\/v2\/types\/post"}],"author":[{"embeddable":true,"href":"https:\/\/2horizontes.com\/index.php?rest_route=\/wp\/v2\/users\/6"}],"replies":[{"embeddable":true,"href":"https:\/\/2horizontes.com\/index.php?rest_route=%2Fwp%2Fv2%2Fcomments&post=11194"}],"version-history":[{"count":1,"href":"https:\/\/2horizontes.com\/index.php?rest_route=\/wp\/v2\/posts\/11194\/revisions"}],"predecessor-version":[{"id":11199,"href":"https:\/\/2horizontes.com\/index.php?rest_route=\/wp\/v2\/posts\/11194\/revisions\/11199"}],"wp:featuredmedia":[{"embeddable":true,"href":"https:\/\/2horizontes.com\/index.php?rest_route=\/wp\/v2\/media\/11198"}],"wp:attachment":[{"href":"https:\/\/2horizontes.com\/index.php?rest_route=%2Fwp%2Fv2%2Fmedia&parent=11194"}],"wp:term":[{"taxonomy":"category","embeddable":true,"href":"https:\/\/2horizontes.com\/index.php?rest_route=%2Fwp%2Fv2%2Fcategories&post=11194"},{"taxonomy":"post_tag","embeddable":true,"href":"https:\/\/2horizontes.com\/index.php?rest_route=%2Fwp%2Fv2%2Ftags&post=11194"}],"curies":[{"name":"wp","href":"https:\/\/api.w.org\/{rel}","templated":true}]}}