{"id":11098,"date":"2015-06-06T00:36:02","date_gmt":"2015-06-05T23:36:02","guid":{"rendered":"http:\/\/2horizontes.com\/?p=11098"},"modified":"2015-06-06T00:39:44","modified_gmt":"2015-06-05T23:39:44","slug":"plan-social-dona-electrodomesticos-y-alimentos-a-la-madre-de-quintillizos","status":"publish","type":"post","link":"https:\/\/2horizontes.com\/?p=11098","title":{"rendered":"Plan Social dona electrodom\u00e9sticos y alimentos a la madre de quintillizos"},"content":{"rendered":"<p>RD- LA VICTORIA- El Plan Social de la Presidencia entreg\u00f3 hoy electrodom\u00e9sticos y alimentos a la madre de los quintillizos,\u00a0 por disposici\u00f3n del presidente de la Rep\u00fablica, Danilo Medina.<\/p>\n<p>Aracelis Guzm\u00e1n recibi\u00f3 de manos del director del Plan Social, C\u00e9sar Prieto, dos colchones, una nevera, una lavadora, una estufa, un cilindro de gas de 50 libras, un abanico, un televisor y diez raciones de alimentos crudos.<\/p>\n<p>La dama agradeci\u00f3 la ayuda del gobierno, quienes adem\u00e1s les estar\u00e1n entregando mensualmente raciones alimenticias, sin embargo la gran preocupaci\u00f3n de esta madre sigue siendo un techo para criar de manera digna a sus hijos.<\/p>\n<p>Al momento de la entrega, Prieto, dijo que debido a las condiciones precarias en que vive la dama y sus quintillizos en la comunidad de La Victoria, en Santo Domingo Norte, la donaci\u00f3n de los enseres del hogar es una respuesta a esa necesidad.<\/p>\n<p>Asegur\u00f3 que estar\u00e1n entregando raciones de comida cada mes a fin de asegurarles la parte alimenticia.<\/p>\n<p>En cuanto a la petici\u00f3n de Aracelis Guzm\u00e1n de que se le otorgue una vivienda, el funcionario dijo que est\u00e1n trabajando para lograr que esto se cumpla.<\/p>\n","protected":false},"excerpt":{"rendered":"<p>RD- LA VICTORIA- El Plan Social de la Presidencia entreg\u00f3 hoy electrodom\u00e9sticos y alimentos a la madre de los quintillizos,\u00a0 por disposici\u00f3n del presidente de la Rep\u00fablica, Danilo Medina. Aracelis Guzm\u00e1n recibi\u00f3 de manos del director del Plan Social, C\u00e9sar Prieto, dos colchones, una nevera, una lavadora, una estufa, un cilindro de gas de 50 [&hellip;]<\/p>\n","protected":false},"author":8,"featured_media":11099,"comment_status":"open","ping_status":"open","sticky":false,"template":"","format":"standard","meta":{"footnotes":""},"categories":[43,44],"tags":[],"class_list":["post-11098","post","type-post","status-publish","format-standard","has-post-thumbnail","hentry","category-politica","category-republica-dominicana"],"_links":{"self":[{"href":"https:\/\/2horizontes.com\/index.php?rest_route=\/wp\/v2\/posts\/11098","targetHints":{"allow":["GET"]}}],"collection":[{"href":"https:\/\/2horizontes.com\/index.php?rest_route=\/wp\/v2\/posts"}],"about":[{"href":"https:\/\/2horizontes.com\/index.php?rest_route=\/wp\/v2\/types\/post"}],"author":[{"embeddable":true,"href":"https:\/\/2horizontes.com\/index.php?rest_route=\/wp\/v2\/users\/8"}],"replies":[{"embeddable":true,"href":"https:\/\/2horizontes.com\/index.php?rest_route=%2Fwp%2Fv2%2Fcomments&post=11098"}],"version-history":[{"count":3,"href":"https:\/\/2horizontes.com\/index.php?rest_route=\/wp\/v2\/posts\/11098\/revisions"}],"predecessor-version":[{"id":11103,"href":"https:\/\/2horizontes.com\/index.php?rest_route=\/wp\/v2\/posts\/11098\/revisions\/11103"}],"wp:featuredmedia":[{"embeddable":true,"href":"https:\/\/2horizontes.com\/index.php?rest_route=\/wp\/v2\/media\/11099"}],"wp:attachment":[{"href":"https:\/\/2horizontes.com\/index.php?rest_route=%2Fwp%2Fv2%2Fmedia&parent=11098"}],"wp:term":[{"taxonomy":"category","embeddable":true,"href":"https:\/\/2horizontes.com\/index.php?rest_route=%2Fwp%2Fv2%2Fcategories&post=11098"},{"taxonomy":"post_tag","embeddable":true,"href":"https:\/\/2horizontes.com\/index.php?rest_route=%2Fwp%2Fv2%2Ftags&post=11098"}],"curies":[{"name":"wp","href":"https:\/\/api.w.org\/{rel}","templated":true}]}}