{"id":11066,"date":"2015-06-05T19:20:30","date_gmt":"2015-06-05T18:20:30","guid":{"rendered":"http:\/\/2horizontes.com\/?p=11066"},"modified":"2015-06-05T19:20:30","modified_gmt":"2015-06-05T18:20:30","slug":"provincia-santo-domingo-registra-tasa-de-homicidios-mas-baja-en-5-anos","status":"publish","type":"post","link":"https:\/\/2horizontes.com\/?p=11066","title":{"rendered":"Provincia Santo Domingo registra tasa de homicidios m\u00e1s baja en 5 a\u00f1os"},"content":{"rendered":"<p>RD-SANTO DOMINGO.- La provincia Santo Domingo registr\u00f3 en el primer cuatrimestre de 2015 la tasa m\u00e1s baja de homicidios desde el 2011, inform\u00f3 la Procuradur\u00eda General de la Rep\u00fablica.<\/p>\n<p>Detall\u00f3 que, de enero a abril, en esa provincia ocurrieron 113 homicidios, 131 casos menos que en 2011, cuando se registraron 244.<\/p>\n<p>Agreg\u00f3 que en el a\u00f1o 2012 hubo 217 asesinatos en esa demarcaci\u00f3n, en 2013 ocurrieron 211 y en 2014 hubo 173.<\/p>\n<p>La fiscal de la provincia Santo Domingo, Olga Din\u00e1 Llaver\u00edas, explic\u00f3 que esa disminuci\u00f3n coloca en 14 la tasa de homicidios por cada cien mil habitantes de esa provincia, la baja m\u00e1s significativa de los \u00faltimos a\u00f1os en todo el pa\u00eds.<\/p>\n<p>\u201cEl objetivo es una tasa cero, es decir que no haya m\u00e1s homicidios, porque uno solo es suficiente, pero mientras se registren casos, nosotros continuaremos trabajando para poner ante la justicia a todo aquel que atente contra la vida, para que sea castigado con todo el peso de la ley\u201d, afirm\u00f3.<\/p>\n","protected":false},"excerpt":{"rendered":"<p>RD-SANTO DOMINGO.- La provincia Santo Domingo registr\u00f3 en el primer cuatrimestre de 2015 la tasa m\u00e1s baja de homicidios desde el 2011, inform\u00f3 la Procuradur\u00eda General de la Rep\u00fablica. Detall\u00f3 que, de enero a abril, en esa provincia ocurrieron 113 homicidios, 131 casos menos que en 2011, cuando se registraron 244. Agreg\u00f3 que en el [&hellip;]<\/p>\n","protected":false},"author":8,"featured_media":11067,"comment_status":"open","ping_status":"open","sticky":false,"template":"","format":"standard","meta":{"footnotes":""},"categories":[43],"tags":[],"class_list":["post-11066","post","type-post","status-publish","format-standard","has-post-thumbnail","hentry","category-politica"],"_links":{"self":[{"href":"https:\/\/2horizontes.com\/index.php?rest_route=\/wp\/v2\/posts\/11066","targetHints":{"allow":["GET"]}}],"collection":[{"href":"https:\/\/2horizontes.com\/index.php?rest_route=\/wp\/v2\/posts"}],"about":[{"href":"https:\/\/2horizontes.com\/index.php?rest_route=\/wp\/v2\/types\/post"}],"author":[{"embeddable":true,"href":"https:\/\/2horizontes.com\/index.php?rest_route=\/wp\/v2\/users\/8"}],"replies":[{"embeddable":true,"href":"https:\/\/2horizontes.com\/index.php?rest_route=%2Fwp%2Fv2%2Fcomments&post=11066"}],"version-history":[{"count":1,"href":"https:\/\/2horizontes.com\/index.php?rest_route=\/wp\/v2\/posts\/11066\/revisions"}],"predecessor-version":[{"id":11068,"href":"https:\/\/2horizontes.com\/index.php?rest_route=\/wp\/v2\/posts\/11066\/revisions\/11068"}],"wp:featuredmedia":[{"embeddable":true,"href":"https:\/\/2horizontes.com\/index.php?rest_route=\/wp\/v2\/media\/11067"}],"wp:attachment":[{"href":"https:\/\/2horizontes.com\/index.php?rest_route=%2Fwp%2Fv2%2Fmedia&parent=11066"}],"wp:term":[{"taxonomy":"category","embeddable":true,"href":"https:\/\/2horizontes.com\/index.php?rest_route=%2Fwp%2Fv2%2Fcategories&post=11066"},{"taxonomy":"post_tag","embeddable":true,"href":"https:\/\/2horizontes.com\/index.php?rest_route=%2Fwp%2Fv2%2Ftags&post=11066"}],"curies":[{"name":"wp","href":"https:\/\/api.w.org\/{rel}","templated":true}]}}