{"id":11051,"date":"2015-06-05T18:57:35","date_gmt":"2015-06-05T17:57:35","guid":{"rendered":"http:\/\/2horizontes.com\/?p=11051"},"modified":"2015-06-05T18:57:35","modified_gmt":"2015-06-05T17:57:35","slug":"carrefour-celebra-su-xv-aniversario-en-el-pais","status":"publish","type":"post","link":"https:\/\/2horizontes.com\/?p=11051","title":{"rendered":"Carrefour celebra su XV aniversario en el pa\u00eds"},"content":{"rendered":"<article class=\"contenidoArticulo\">\n<div class=\"cuerpoNoticia\">\n<p>RD-SANTO DOMINGO-En esta ocasi\u00f3n, para la celebraci\u00f3n de los 15 a\u00f1os de Carrefour en la Rep\u00fablica Dominicana, la gerencia del hipermercado ofreci\u00f3 un c\u00f3ctel a sus clientes y relacionados.<br \/>\nDe acuerdo a su director general, Olivier Pellin: \u201cCarrefour lleg\u00f3 al pa\u00eds en el a\u00f1o 2000, revolucionando el concepto de supermercado e hipermercado, ofreciendo los mejores precios y con un alto est\u00e1ndar de calidad en sus productos\u201d.<\/p>\n<p>Expres\u00f3, adem\u00e1s, que en Rep\u00fablica Dominicana la fiesta de 15 a\u00f1os es una celebraci\u00f3n tradicional y espectacular, y que la empresa ha recreado esta fiesta para reconocer la fidelidad y el apoyo de los clientes.<\/p>\n<p>El ejecutivo anunci\u00f3 el sorteo de un mill\u00f3n de pesos durante el mes aniversario, distribuido en premios semanales de 25 mil pesos.<\/p>\n<p>De su lado, Gerardo Garc\u00eda, director adjunto de Carrefour, destac\u00f3 que este aniversario contar\u00e1 con especiales que ser\u00e1n publicados en encartes en la prensa nacional. Asimismo, han sido pautadas diversas actividades, tales como talleres de cocina, belleza, jornadas deportivas y un parque inflable para ni\u00f1os. Resalt\u00f3, tambi\u00e9n las grandes temporadas, ferias, promociones y acciones de responsabilidad social, que se han convertido en una tradici\u00f3n para sus clientes.<\/p>\n<\/div>\n<\/article>\n<p>&nbsp;<\/p>\n","protected":false},"excerpt":{"rendered":"<p>RD-SANTO DOMINGO-En esta ocasi\u00f3n, para la celebraci\u00f3n de los 15 a\u00f1os de Carrefour en la Rep\u00fablica Dominicana, la gerencia del hipermercado ofreci\u00f3 un c\u00f3ctel a sus clientes y relacionados. De acuerdo a su director general, Olivier Pellin: \u201cCarrefour lleg\u00f3 al pa\u00eds en el a\u00f1o 2000, revolucionando el concepto de supermercado e hipermercado, ofreciendo los mejores [&hellip;]<\/p>\n","protected":false},"author":8,"featured_media":11052,"comment_status":"open","ping_status":"open","sticky":false,"template":"","format":"standard","meta":{"footnotes":""},"categories":[1,84],"tags":[],"class_list":["post-11051","post","type-post","status-publish","format-standard","has-post-thumbnail","hentry","category-entretenimiento","category-otras-noticias"],"_links":{"self":[{"href":"https:\/\/2horizontes.com\/index.php?rest_route=\/wp\/v2\/posts\/11051","targetHints":{"allow":["GET"]}}],"collection":[{"href":"https:\/\/2horizontes.com\/index.php?rest_route=\/wp\/v2\/posts"}],"about":[{"href":"https:\/\/2horizontes.com\/index.php?rest_route=\/wp\/v2\/types\/post"}],"author":[{"embeddable":true,"href":"https:\/\/2horizontes.com\/index.php?rest_route=\/wp\/v2\/users\/8"}],"replies":[{"embeddable":true,"href":"https:\/\/2horizontes.com\/index.php?rest_route=%2Fwp%2Fv2%2Fcomments&post=11051"}],"version-history":[{"count":1,"href":"https:\/\/2horizontes.com\/index.php?rest_route=\/wp\/v2\/posts\/11051\/revisions"}],"predecessor-version":[{"id":11053,"href":"https:\/\/2horizontes.com\/index.php?rest_route=\/wp\/v2\/posts\/11051\/revisions\/11053"}],"wp:featuredmedia":[{"embeddable":true,"href":"https:\/\/2horizontes.com\/index.php?rest_route=\/wp\/v2\/media\/11052"}],"wp:attachment":[{"href":"https:\/\/2horizontes.com\/index.php?rest_route=%2Fwp%2Fv2%2Fmedia&parent=11051"}],"wp:term":[{"taxonomy":"category","embeddable":true,"href":"https:\/\/2horizontes.com\/index.php?rest_route=%2Fwp%2Fv2%2Fcategories&post=11051"},{"taxonomy":"post_tag","embeddable":true,"href":"https:\/\/2horizontes.com\/index.php?rest_route=%2Fwp%2Fv2%2Ftags&post=11051"}],"curies":[{"name":"wp","href":"https:\/\/api.w.org\/{rel}","templated":true}]}}