{"id":11048,"date":"2015-06-05T18:53:04","date_gmt":"2015-06-05T17:53:04","guid":{"rendered":"http:\/\/2horizontes.com\/?p=11048"},"modified":"2015-06-05T18:53:04","modified_gmt":"2015-06-05T17:53:04","slug":"el-patronato-cibao-de-rehabilitacion-realiza-cena-benefica","status":"publish","type":"post","link":"https:\/\/2horizontes.com\/?p=11048","title":{"rendered":"El Patronato Cibao de Rehabilitaci\u00f3n realiza cena ben\u00e9fica"},"content":{"rendered":"<p><strong>RD-Santiago.<\/strong> La directiva del Patronato Cibao de Rehabilitaci\u00f3n realiz\u00f3 su tradicional fiesta de gala anual, a beneficio de los programas que realiza a favor de la poblaci\u00f3n con discapacidad.<\/p>\n<p>La fiesta se celebro , en la casa club del Centro Espa\u00f1ol, en esta ocasi\u00f3n, tuvo como protagonistas a Fernando Villalona y Miriam Cruz, reuni\u00f3 a cientos de almas solidarias que se identifican con la causa que ocupa al patronato que preside Edilecta Mart\u00ednez de Ho. Edilecta Mart\u00ednez de Ho,<\/p>\n<p>Al pronunciar las palabras de bienvenida, agradeci\u00f3 el respaldo que durante tantos a\u00f1os le han dado a las iniciativas de la entidad, e inform\u00f3 que los fondos ser\u00e1n usados para la ejecuci\u00f3n de proyectos y en el fortalecimiento de los programas que realiza la instituci\u00f3n a favor de las personas que padecen alguna discapacidad de la regi\u00f3n del Cibao.<\/p>\n<p>Expres\u00f3 que con la fiesta clausuran las actividades del Mes de la Rehabilitaci\u00f3n, que incluy\u00f3 operativos del dolor, donaciones de equipos, charlas, conferencias, d\u00edas con los colegios, entre otros, siempre con el objetivo de seguir brindando mejores servicios a la comunidad en el proceso de crear una sociedad para todos, sin barreras ni exclusiones.<\/p>\n<p>El opening de la fiesta estuvo a cargo del grupo de Baile de la Pontificia Universidad Cat\u00f3lica Madre y Maestra (PUCMM), dirigido por Mariluz G\u00f3mez.<\/p>\n<p>El Patronato Cibao de Rehabilitaci\u00f3n es una instituci\u00f3n independiente, sin fines de lucro, fundada hace 48 a\u00f1os con el objetivo de prestar servicios de medicina f\u00edsica y rehabilitaci\u00f3n integral a ni\u00f1os y adultos con discapacidades f\u00edsicas, sean \u00e9stas cong\u00e9nitas o adquiridas, para su integraci\u00f3n socioecon\u00f3mica, a muy bajos costos.<\/p>\n","protected":false},"excerpt":{"rendered":"<p>RD-Santiago. La directiva del Patronato Cibao de Rehabilitaci\u00f3n realiz\u00f3 su tradicional fiesta de gala anual, a beneficio de los programas que realiza a favor de la poblaci\u00f3n con discapacidad. La fiesta se celebro , en la casa club del Centro Espa\u00f1ol, en esta ocasi\u00f3n, tuvo como protagonistas a Fernando Villalona y Miriam Cruz, reuni\u00f3 a [&hellip;]<\/p>\n","protected":false},"author":8,"featured_media":11049,"comment_status":"open","ping_status":"open","sticky":false,"template":"","format":"standard","meta":{"footnotes":""},"categories":[53],"tags":[],"class_list":["post-11048","post","type-post","status-publish","format-standard","has-post-thumbnail","hentry","category-provincias"],"_links":{"self":[{"href":"https:\/\/2horizontes.com\/index.php?rest_route=\/wp\/v2\/posts\/11048","targetHints":{"allow":["GET"]}}],"collection":[{"href":"https:\/\/2horizontes.com\/index.php?rest_route=\/wp\/v2\/posts"}],"about":[{"href":"https:\/\/2horizontes.com\/index.php?rest_route=\/wp\/v2\/types\/post"}],"author":[{"embeddable":true,"href":"https:\/\/2horizontes.com\/index.php?rest_route=\/wp\/v2\/users\/8"}],"replies":[{"embeddable":true,"href":"https:\/\/2horizontes.com\/index.php?rest_route=%2Fwp%2Fv2%2Fcomments&post=11048"}],"version-history":[{"count":1,"href":"https:\/\/2horizontes.com\/index.php?rest_route=\/wp\/v2\/posts\/11048\/revisions"}],"predecessor-version":[{"id":11050,"href":"https:\/\/2horizontes.com\/index.php?rest_route=\/wp\/v2\/posts\/11048\/revisions\/11050"}],"wp:featuredmedia":[{"embeddable":true,"href":"https:\/\/2horizontes.com\/index.php?rest_route=\/wp\/v2\/media\/11049"}],"wp:attachment":[{"href":"https:\/\/2horizontes.com\/index.php?rest_route=%2Fwp%2Fv2%2Fmedia&parent=11048"}],"wp:term":[{"taxonomy":"category","embeddable":true,"href":"https:\/\/2horizontes.com\/index.php?rest_route=%2Fwp%2Fv2%2Fcategories&post=11048"},{"taxonomy":"post_tag","embeddable":true,"href":"https:\/\/2horizontes.com\/index.php?rest_route=%2Fwp%2Fv2%2Ftags&post=11048"}],"curies":[{"name":"wp","href":"https:\/\/api.w.org\/{rel}","templated":true}]}}