{"id":11041,"date":"2015-06-05T18:44:25","date_gmt":"2015-06-05T17:44:25","guid":{"rendered":"http:\/\/2horizontes.com\/?p=11041"},"modified":"2015-06-05T18:44:25","modified_gmt":"2015-06-05T17:44:25","slug":"leonel-entra-a-consejo-de-lideres-de-organismo-de-la-onu","status":"publish","type":"post","link":"https:\/\/2horizontes.com\/?p=11041","title":{"rendered":"Leonel entra a Consejo de L\u00edderes de organismo de la ONU"},"content":{"rendered":"<p><strong>Par\u00eds.<\/strong> El expresidente Leonel Fern\u00e1ndez se incorpor\u00f3 ayer al Consejo de L\u00edderes de la Red de Soluciones de Desarrollo Sostenible de la Organizaci\u00f3n de las Naciones Unidas (UNSDSN), durante la celebraci\u00f3n en esta ciudad de su VI Foro Mundial.<\/p>\n<p>En este encuentro, Fern\u00e1ndez comparte escenario con el destacado economista estadounidense Jeffrey Sachs, responsable de esta iniciativa sobre desarrollo sostenible de la ONU y director del Instituto de la Tierra de la Universidad de Columbia. El encuentro tiene como tema central \u201cPol\u00edticas nacionales e internacionales de medio ambiente, integraci\u00f3n regional y globalizaci\u00f3n\u201d.<\/p>\n<p>La referida entidad, de cuyo Consejo de L\u00edderes forma parte el exgobernante dominicano, moviliza conocimientos cient\u00edficos y t\u00e9cnicos de universidades y centros de investigaci\u00f3n, la sociedad civil y el sector privado en apoyo a la resoluci\u00f3n de problemas a escala local, nacional y mundial, de cara al desarrollo sostenible.<\/p>\n<p>La selecci\u00f3n de Fern\u00e1ndez como miembro del Consejo de L\u00edderes se produjo en enero pasado, pero fue ahora cuando el exmandatario se incorpor\u00f3 formalmente al estamento.<\/p>\n<p>Adem\u00e1s de Fern\u00e1ndez, del Consejo de L\u00edderes forman parte el pr\u00edncipe Alberto II, de M\u00f3naco; Shaukat Aziz, ex primer ministro de Pakist\u00e1n; Tarja Halonen, expresidente de Finlandia; George Papandreou, ex primer ministro de Grecia; Monse\u00f1or Marcelo S\u00e1nchez Sorondo, de la Pontificia Academia de Ciencias Sociales de El Vaticano; Jos\u00e9 Miguel Insulza, secretario general de la Organizaci\u00f3n de Estados Americanos (OEA).<\/p>\n","protected":false},"excerpt":{"rendered":"<p>Par\u00eds. El expresidente Leonel Fern\u00e1ndez se incorpor\u00f3 ayer al Consejo de L\u00edderes de la Red de Soluciones de Desarrollo Sostenible de la Organizaci\u00f3n de las Naciones Unidas (UNSDSN), durante la celebraci\u00f3n en esta ciudad de su VI Foro Mundial. En este encuentro, Fern\u00e1ndez comparte escenario con el destacado economista estadounidense Jeffrey Sachs, responsable de esta [&hellip;]<\/p>\n","protected":false},"author":8,"featured_media":11042,"comment_status":"open","ping_status":"open","sticky":false,"template":"","format":"standard","meta":{"footnotes":""},"categories":[43],"tags":[],"class_list":["post-11041","post","type-post","status-publish","format-standard","has-post-thumbnail","hentry","category-politica"],"_links":{"self":[{"href":"https:\/\/2horizontes.com\/index.php?rest_route=\/wp\/v2\/posts\/11041","targetHints":{"allow":["GET"]}}],"collection":[{"href":"https:\/\/2horizontes.com\/index.php?rest_route=\/wp\/v2\/posts"}],"about":[{"href":"https:\/\/2horizontes.com\/index.php?rest_route=\/wp\/v2\/types\/post"}],"author":[{"embeddable":true,"href":"https:\/\/2horizontes.com\/index.php?rest_route=\/wp\/v2\/users\/8"}],"replies":[{"embeddable":true,"href":"https:\/\/2horizontes.com\/index.php?rest_route=%2Fwp%2Fv2%2Fcomments&post=11041"}],"version-history":[{"count":1,"href":"https:\/\/2horizontes.com\/index.php?rest_route=\/wp\/v2\/posts\/11041\/revisions"}],"predecessor-version":[{"id":11043,"href":"https:\/\/2horizontes.com\/index.php?rest_route=\/wp\/v2\/posts\/11041\/revisions\/11043"}],"wp:featuredmedia":[{"embeddable":true,"href":"https:\/\/2horizontes.com\/index.php?rest_route=\/wp\/v2\/media\/11042"}],"wp:attachment":[{"href":"https:\/\/2horizontes.com\/index.php?rest_route=%2Fwp%2Fv2%2Fmedia&parent=11041"}],"wp:term":[{"taxonomy":"category","embeddable":true,"href":"https:\/\/2horizontes.com\/index.php?rest_route=%2Fwp%2Fv2%2Fcategories&post=11041"},{"taxonomy":"post_tag","embeddable":true,"href":"https:\/\/2horizontes.com\/index.php?rest_route=%2Fwp%2Fv2%2Ftags&post=11041"}],"curies":[{"name":"wp","href":"https:\/\/api.w.org\/{rel}","templated":true}]}}