{"id":11038,"date":"2015-06-05T18:40:20","date_gmt":"2015-06-05T17:40:20","guid":{"rendered":"http:\/\/2horizontes.com\/?p=11038"},"modified":"2015-06-05T18:40:20","modified_gmt":"2015-06-05T17:40:20","slug":"ministro-de-industria-y-comercio-renuncia-a-sus-aspiraciones-a-senador","status":"publish","type":"post","link":"https:\/\/2horizontes.com\/?p=11038","title":{"rendered":"Ministro de Industria y Comercio renuncia a sus aspiraciones a senador"},"content":{"rendered":"<p>RD-SANTO DOMINGO-El Ministro de Industria y Comercio, Jos\u00e9 del Castillo Savi\u00f1\u00f3n, anunci\u00f3 este viernes que declina de sus aspiraciones a la candidatura a senador de la provincia Barahona por el Partido de la Liberaci\u00f3n Dominicana \u2013PLD-.<\/p>\n<p>Dijo que pese a que los n\u00fameros garantizaban su candidatura, desisti\u00f3 de sus aspiraciones porque \u201cel bienestar colectivo del pueblo dominicano est\u00e1 por encima del particular\u201d.<\/p>\n<p>Al referirse al acuerdo establecido por el Comit\u00e9 Pol\u00edtico, manifest\u00f3 que la mayor\u00eda del pueblo quiere que Danilo Medina contin\u00fae gobernando.<\/p>\n<p>\u201cAqu\u00ed est\u00e1 definido que la boleta congresual estar\u00e1 compuesta por el senador actual y presidente provincial del partido Eddy Mateo, los diputados Noris Medina y Mariano Montero, por lo que debemos apoyarle y trabajar para mantener esa curules en el senado y la c\u00e1mara de diputados\u201d, enfatiz\u00f3 Jos\u00e9 del Castillo.<\/p>\n<p>Inform\u00f3 que ser\u00e1 el coordinador de campa\u00f1a en Barahona y que no negocia esa parte independientemente de otras responsabilidades que le asignen a nivel nacional, ya que tiene su equipo y su gente diseminada en los 11 municipios y los 11 distritos municipales.<\/p>\n<p><strong>Llama a apoyar reelecci\u00f3n<\/strong><\/p>\n<p>En ese sentido, del Castillo Savi\u00f1\u00f3n llam\u00f3 a la integraci\u00f3n de la militancia pelede\u00edsta de Barahona a apoyar la reelecci\u00f3n del presidente Danilo Medina.<\/p>\n<p>Al participar en un encuentro con cientos de dirigentes del PLD de toda la provincia, el tambi\u00e9n miembro del Comit\u00e9 Central de la entidad oficialista, destac\u00f3 la obra de gobierno de Medina, entre las que cit\u00f3 la inversi\u00f3n en educaci\u00f3n, el apoyo a la agropecuaria, a la ni\u00f1ez con la construcci\u00f3n de estancias infantiles,\u00a0 y el combate a la pobreza con la creaci\u00f3n de miles de empleos como prometi\u00f3.<\/p>\n<p>De igual manera, garantiz\u00f3 que la unidad qued\u00f3 sellada y permitir\u00e1 que Barahona sea de las provincias m\u00e1s votada en t\u00e9rminos proporcionales, \u201cporque continuar\u00e1\u00a0 trabajando\u00a0 incansablemente al junto de los pelede\u00edstas\u00a0 de este lugar\u201d.<\/p>\n<p>En el encuentro, realizado en el que hasta ayer fue su comando de campa\u00f1a ubicado en la calle Jos\u00e9 Francisco Pe\u00f1a G\u00f3mez, antigua Uruguay, participaron miembros del Comit\u00e9 Central, Ilianov M\u00e9ndez, Hendris Rivas, Juana Reynoso, presidentes de intermedios, de comit\u00e9 de bases, precandidatos a diputados, a s\u00edndicos,\u00a0 regidores y miembros del Partido de la Liberaci\u00f3n Dominicana de toda la provincia.<\/p>\n","protected":false},"excerpt":{"rendered":"<p>RD-SANTO DOMINGO-El Ministro de Industria y Comercio, Jos\u00e9 del Castillo Savi\u00f1\u00f3n, anunci\u00f3 este viernes que declina de sus aspiraciones a la candidatura a senador de la provincia Barahona por el Partido de la Liberaci\u00f3n Dominicana \u2013PLD-. Dijo que pese a que los n\u00fameros garantizaban su candidatura, desisti\u00f3 de sus aspiraciones porque \u201cel bienestar colectivo del [&hellip;]<\/p>\n","protected":false},"author":8,"featured_media":11039,"comment_status":"open","ping_status":"open","sticky":false,"template":"","format":"standard","meta":{"footnotes":""},"categories":[43,44],"tags":[],"class_list":["post-11038","post","type-post","status-publish","format-standard","has-post-thumbnail","hentry","category-politica","category-republica-dominicana"],"_links":{"self":[{"href":"https:\/\/2horizontes.com\/index.php?rest_route=\/wp\/v2\/posts\/11038","targetHints":{"allow":["GET"]}}],"collection":[{"href":"https:\/\/2horizontes.com\/index.php?rest_route=\/wp\/v2\/posts"}],"about":[{"href":"https:\/\/2horizontes.com\/index.php?rest_route=\/wp\/v2\/types\/post"}],"author":[{"embeddable":true,"href":"https:\/\/2horizontes.com\/index.php?rest_route=\/wp\/v2\/users\/8"}],"replies":[{"embeddable":true,"href":"https:\/\/2horizontes.com\/index.php?rest_route=%2Fwp%2Fv2%2Fcomments&post=11038"}],"version-history":[{"count":1,"href":"https:\/\/2horizontes.com\/index.php?rest_route=\/wp\/v2\/posts\/11038\/revisions"}],"predecessor-version":[{"id":11040,"href":"https:\/\/2horizontes.com\/index.php?rest_route=\/wp\/v2\/posts\/11038\/revisions\/11040"}],"wp:featuredmedia":[{"embeddable":true,"href":"https:\/\/2horizontes.com\/index.php?rest_route=\/wp\/v2\/media\/11039"}],"wp:attachment":[{"href":"https:\/\/2horizontes.com\/index.php?rest_route=%2Fwp%2Fv2%2Fmedia&parent=11038"}],"wp:term":[{"taxonomy":"category","embeddable":true,"href":"https:\/\/2horizontes.com\/index.php?rest_route=%2Fwp%2Fv2%2Fcategories&post=11038"},{"taxonomy":"post_tag","embeddable":true,"href":"https:\/\/2horizontes.com\/index.php?rest_route=%2Fwp%2Fv2%2Ftags&post=11038"}],"curies":[{"name":"wp","href":"https:\/\/api.w.org\/{rel}","templated":true}]}}