{"id":11033,"date":"2015-06-05T18:37:19","date_gmt":"2015-06-05T17:37:19","guid":{"rendered":"http:\/\/2horizontes.com\/?p=11033"},"modified":"2015-06-05T18:37:19","modified_gmt":"2015-06-05T17:37:19","slug":"anciano-se-ahorca-deprimido-por-enfermedad-de-su-madre-de-106-anos","status":"publish","type":"post","link":"https:\/\/2horizontes.com\/?p=11033","title":{"rendered":"Anciano se ahorca deprimido por enfermedad de su madre de 106 a\u00f1os"},"content":{"rendered":"<p><strong>RD-San Jos\u00e9 de las Matas.<\/strong>&#8211; Fue encontrado ahorcado en una finca de su propiedad \u00a0un hombre de 73 a\u00f1os, en un hecho ocurrido en este municipio de Santiago, \u00a0report\u00f3 este viernes la Polic\u00eda.<\/p>\n<p>El suicida fue identificado como Francisco Jos\u00e9 Antonio Checo, cuyo cad\u00e1ver fue encontrado colgado \u00a0de un \u00e1rbol, con una soga atada al cuello, en su finca ubicada en la secci\u00f3n El Corozo.<\/p>\n<p>El cad\u00e1ver del agricultor fue encontrado por el artista pl\u00e1stico Franklin Antonio Peralta Torres, quien dio parte a las autoridades.<\/p>\n<p>Familiares del occiso dijeron que Checo se sent\u00eda deprimido, porque su madre de 106 a\u00f1os de edad padece una enfermedad.<\/p>\n<p>Su cad\u00e1ver fue enviado al Instituto Nacional de Ciencias Forenses para los fines correspondientes.<\/p>\n","protected":false},"excerpt":{"rendered":"<p>RD-San Jos\u00e9 de las Matas.&#8211; Fue encontrado ahorcado en una finca de su propiedad \u00a0un hombre de 73 a\u00f1os, en un hecho ocurrido en este municipio de Santiago, \u00a0report\u00f3 este viernes la Polic\u00eda. El suicida fue identificado como Francisco Jos\u00e9 Antonio Checo, cuyo cad\u00e1ver fue encontrado colgado \u00a0de un \u00e1rbol, con una soga atada al [&hellip;]<\/p>\n","protected":false},"author":8,"featured_media":11036,"comment_status":"open","ping_status":"open","sticky":false,"template":"","format":"standard","meta":{"footnotes":""},"categories":[53],"tags":[],"class_list":["post-11033","post","type-post","status-publish","format-standard","has-post-thumbnail","hentry","category-provincias"],"_links":{"self":[{"href":"https:\/\/2horizontes.com\/index.php?rest_route=\/wp\/v2\/posts\/11033","targetHints":{"allow":["GET"]}}],"collection":[{"href":"https:\/\/2horizontes.com\/index.php?rest_route=\/wp\/v2\/posts"}],"about":[{"href":"https:\/\/2horizontes.com\/index.php?rest_route=\/wp\/v2\/types\/post"}],"author":[{"embeddable":true,"href":"https:\/\/2horizontes.com\/index.php?rest_route=\/wp\/v2\/users\/8"}],"replies":[{"embeddable":true,"href":"https:\/\/2horizontes.com\/index.php?rest_route=%2Fwp%2Fv2%2Fcomments&post=11033"}],"version-history":[{"count":1,"href":"https:\/\/2horizontes.com\/index.php?rest_route=\/wp\/v2\/posts\/11033\/revisions"}],"predecessor-version":[{"id":11037,"href":"https:\/\/2horizontes.com\/index.php?rest_route=\/wp\/v2\/posts\/11033\/revisions\/11037"}],"wp:featuredmedia":[{"embeddable":true,"href":"https:\/\/2horizontes.com\/index.php?rest_route=\/wp\/v2\/media\/11036"}],"wp:attachment":[{"href":"https:\/\/2horizontes.com\/index.php?rest_route=%2Fwp%2Fv2%2Fmedia&parent=11033"}],"wp:term":[{"taxonomy":"category","embeddable":true,"href":"https:\/\/2horizontes.com\/index.php?rest_route=%2Fwp%2Fv2%2Fcategories&post=11033"},{"taxonomy":"post_tag","embeddable":true,"href":"https:\/\/2horizontes.com\/index.php?rest_route=%2Fwp%2Fv2%2Ftags&post=11033"}],"curies":[{"name":"wp","href":"https:\/\/api.w.org\/{rel}","templated":true}]}}