{"id":1103,"date":"2014-05-25T16:56:13","date_gmt":"2014-05-25T16:56:13","guid":{"rendered":"http:\/\/2horizontes.com\/?p=1103"},"modified":"2014-05-25T17:09:03","modified_gmt":"2014-05-25T17:09:03","slug":"elecciones-europeas-la-participacion-sube-026-puntos-y-se-situa-en-un-3406","status":"publish","type":"post","link":"https:\/\/2horizontes.com\/?p=1103","title":{"rendered":"Elecciones Europeas: sube a 34,06% la participaci\u00f3n electoral"},"content":{"rendered":"<p>Espa\u00f1a.- La participaci\u00f3n electoral en las elecciones al Parlamento Europeo hasta las 18 horas de hoy ha subido a un 34,06%, ligeramente superior a la que se registraba a la misma hora en las elecciones de 2009 (33,79%), seg\u00fan los datos del Ministerio del Interior.<\/p>\n<p>&nbsp;<br \/>\nLa participaci\u00f3n baja en la mayor\u00eda de las comunidades aut\u00f3nomas, salvo en Catalu\u00f1a (donde sube casi nueve puntos, hasta el 35,40% frente al 26,77% de 2009), Pa\u00eds Vasco (casi dos puntos y medio, del 31,94% al 34,27%), en Navarra (del 33,05% al 34,76%), Andaluc\u00eda (del 30,86% a 31,93%), Arag\u00f3n (del 34,38% al 35,11%) y en Baleares (del 26,5% al 27,65%).<\/p>\n<p>&nbsp;<\/p>\n<p>&nbsp;<\/p>\n","protected":false},"excerpt":{"rendered":"<p>Espa\u00f1a.- La participaci\u00f3n electoral en las elecciones al Parlamento Europeo hasta las 18 horas de hoy ha subido a un 34,06%, ligeramente superior a la que se registraba a la misma hora en las elecciones de 2009 (33,79%), seg\u00fan los datos del Ministerio del Interior. &nbsp; La participaci\u00f3n baja en la mayor\u00eda de las comunidades [&hellip;]<\/p>\n","protected":false},"author":1,"featured_media":0,"comment_status":"open","ping_status":"open","sticky":false,"template":"","format":"standard","meta":{"footnotes":""},"categories":[1],"tags":[],"class_list":["post-1103","post","type-post","status-publish","format-standard","hentry","category-entretenimiento"],"_links":{"self":[{"href":"https:\/\/2horizontes.com\/index.php?rest_route=\/wp\/v2\/posts\/1103","targetHints":{"allow":["GET"]}}],"collection":[{"href":"https:\/\/2horizontes.com\/index.php?rest_route=\/wp\/v2\/posts"}],"about":[{"href":"https:\/\/2horizontes.com\/index.php?rest_route=\/wp\/v2\/types\/post"}],"author":[{"embeddable":true,"href":"https:\/\/2horizontes.com\/index.php?rest_route=\/wp\/v2\/users\/1"}],"replies":[{"embeddable":true,"href":"https:\/\/2horizontes.com\/index.php?rest_route=%2Fwp%2Fv2%2Fcomments&post=1103"}],"version-history":[{"count":4,"href":"https:\/\/2horizontes.com\/index.php?rest_route=\/wp\/v2\/posts\/1103\/revisions"}],"predecessor-version":[{"id":1107,"href":"https:\/\/2horizontes.com\/index.php?rest_route=\/wp\/v2\/posts\/1103\/revisions\/1107"}],"wp:attachment":[{"href":"https:\/\/2horizontes.com\/index.php?rest_route=%2Fwp%2Fv2%2Fmedia&parent=1103"}],"wp:term":[{"taxonomy":"category","embeddable":true,"href":"https:\/\/2horizontes.com\/index.php?rest_route=%2Fwp%2Fv2%2Fcategories&post=1103"},{"taxonomy":"post_tag","embeddable":true,"href":"https:\/\/2horizontes.com\/index.php?rest_route=%2Fwp%2Fv2%2Ftags&post=1103"}],"curies":[{"name":"wp","href":"https:\/\/api.w.org\/{rel}","templated":true}]}}