{"id":11014,"date":"2015-06-05T17:36:58","date_gmt":"2015-06-05T16:36:58","guid":{"rendered":"http:\/\/2horizontes.com\/?p=11014"},"modified":"2015-06-05T17:36:58","modified_gmt":"2015-06-05T16:36:58","slug":"a-la-carcel-hombre-por-realizarle-sexo-oral-a-nino-en-rd","status":"publish","type":"post","link":"https:\/\/2horizontes.com\/?p=11014","title":{"rendered":"A la carcel hombre por realizarle sexo oral a ni\u00f1o en RD."},"content":{"rendered":"<p>La c\u00e1rcel de la Victoria fue enviado un portero de la escuela Rep\u00fablica de Paraguay de esta capital dominicana, quien est\u00e1 siendo acusado de obligar a un alumno de 11 a\u00f1os a realizarle sexo oral.<br \/>\nLa fiscal\u00eda del Distrito Nacional, dict\u00f3 tres meses de prisi\u00f3n preventiva, como medida de coerci\u00f3n, en contra de Jos\u00e9 William Suero Segura, a quien se le imputa cometer agresi\u00f3n sexual en perjuicio del estudiante.<br \/>\nEn fecha 15 de mayo del a\u00f1o en curso, el imputado, quien es portero de la escuela Rep\u00fablica de Paraguay del Distrito Nacional, le pidi\u00f3 al ni\u00f1o que bajara del aula alegando que una profesora lo estaba buscando y lo llev\u00f3 a uno de los ba\u00f1os y lo agredi\u00f3 sexualmente al ni\u00f1o de 11 a\u00f1os de edad.<br \/>\nEl Ministerio P\u00fablico calific\u00f3 los hechos como una violaci\u00f3n a los art\u00edculos 330 y 333 del C\u00f3digo Penal Dominicano y al art\u00edculo 396 literales b y c de la Ley 136-03 y del C\u00f3digo de Protecci\u00f3n y los Derechos Fundamentales de los Ni\u00f1os, Ni\u00f1as y adolescentes.<br \/>\nDicho acusado deber\u00e1 cumplir la medida impuesta en la c\u00e1rcel La Victoria.<\/p>\n","protected":false},"excerpt":{"rendered":"<p>La c\u00e1rcel de la Victoria fue enviado un portero de la escuela Rep\u00fablica de Paraguay de esta capital dominicana, quien est\u00e1 siendo acusado de obligar a un alumno de 11 a\u00f1os a realizarle sexo oral. La fiscal\u00eda del Distrito Nacional, dict\u00f3 tres meses de prisi\u00f3n preventiva, como medida de coerci\u00f3n, en contra de Jos\u00e9 William [&hellip;]<\/p>\n","protected":false},"author":6,"featured_media":11015,"comment_status":"open","ping_status":"open","sticky":false,"template":"","format":"standard","meta":{"footnotes":""},"categories":[44],"tags":[],"class_list":["post-11014","post","type-post","status-publish","format-standard","has-post-thumbnail","hentry","category-republica-dominicana"],"_links":{"self":[{"href":"https:\/\/2horizontes.com\/index.php?rest_route=\/wp\/v2\/posts\/11014","targetHints":{"allow":["GET"]}}],"collection":[{"href":"https:\/\/2horizontes.com\/index.php?rest_route=\/wp\/v2\/posts"}],"about":[{"href":"https:\/\/2horizontes.com\/index.php?rest_route=\/wp\/v2\/types\/post"}],"author":[{"embeddable":true,"href":"https:\/\/2horizontes.com\/index.php?rest_route=\/wp\/v2\/users\/6"}],"replies":[{"embeddable":true,"href":"https:\/\/2horizontes.com\/index.php?rest_route=%2Fwp%2Fv2%2Fcomments&post=11014"}],"version-history":[{"count":1,"href":"https:\/\/2horizontes.com\/index.php?rest_route=\/wp\/v2\/posts\/11014\/revisions"}],"predecessor-version":[{"id":11016,"href":"https:\/\/2horizontes.com\/index.php?rest_route=\/wp\/v2\/posts\/11014\/revisions\/11016"}],"wp:featuredmedia":[{"embeddable":true,"href":"https:\/\/2horizontes.com\/index.php?rest_route=\/wp\/v2\/media\/11015"}],"wp:attachment":[{"href":"https:\/\/2horizontes.com\/index.php?rest_route=%2Fwp%2Fv2%2Fmedia&parent=11014"}],"wp:term":[{"taxonomy":"category","embeddable":true,"href":"https:\/\/2horizontes.com\/index.php?rest_route=%2Fwp%2Fv2%2Fcategories&post=11014"},{"taxonomy":"post_tag","embeddable":true,"href":"https:\/\/2horizontes.com\/index.php?rest_route=%2Fwp%2Fv2%2Ftags&post=11014"}],"curies":[{"name":"wp","href":"https:\/\/api.w.org\/{rel}","templated":true}]}}