{"id":10895,"date":"2015-06-04T20:26:46","date_gmt":"2015-06-04T19:26:46","guid":{"rendered":"http:\/\/2horizontes.com\/?p=10895"},"modified":"2015-06-04T20:26:46","modified_gmt":"2015-06-04T19:26:46","slug":"el-real-madrid-vigila-a-casillas-y-de-gea","status":"publish","type":"post","link":"https:\/\/2horizontes.com\/?p=10895","title":{"rendered":"El Real Madrid vigila a Casillas y De Gea"},"content":{"rendered":"<p>Para m\u00ed Keylor tambi\u00e9n es un gran portero\u00bb. Rafa Ben\u00edtez no quiso hablar de posibles fichajes el d\u00eda de su presentaci\u00f3n como nuevo t\u00e9cnico del Real Madrid, tal vez porque supon\u00eda el regreso a la que fue su casa y no era el momento id\u00f3neo. En el tercer grado al que le sometieron las radios, record\u00f3 que el costarricense est\u00e1 en la plantilla.<\/p>\n<p>Sin embargo, tras no dar ni una sola pista sobre los nombres que maneja para la porter\u00eda madridista de cara a la pr\u00f3xima temporada, un d\u00eda despu\u00e9s el preparador madrile\u00f1o envi\u00f3 a Xavi Valero, el nuevo entrenador de porteros del club blanco, a la concentraci\u00f3n de la selecci\u00f3n espa\u00f1ola para vigilar las evoluciones de Iker Casillas y David de Gea.<\/p>\n<p>Nada m\u00e1s aterrizar en el club de Chamart\u00edn, Ben\u00edtez y su cuerpo t\u00e9cnico se han puesto manos a la obra para planificar el pr\u00f3ximo curso, raz\u00f3n por la que el entrenador de porteros se desplaz\u00f3 a las afueras de Madrid para seguir la evoluci\u00f3n de ambos jugadores.<\/p>\n<p>Valero acudi\u00f3 el jueves al entrenamiento matinal de la selecci\u00f3n espa\u00f1ola en la Ciudad del F\u00fatbol de Las Rozas con el \u00fanico objetivo de ver y conocer al actual capit\u00e1n madridista y al guardameta del Manchester United, por el que existe un gran inter\u00e9s por ficharlo.<\/p>\n","protected":false},"excerpt":{"rendered":"<p>Para m\u00ed Keylor tambi\u00e9n es un gran portero\u00bb. Rafa Ben\u00edtez no quiso hablar de posibles fichajes el d\u00eda de su presentaci\u00f3n como nuevo t\u00e9cnico del Real Madrid, tal vez porque supon\u00eda el regreso a la que fue su casa y no era el momento id\u00f3neo. En el tercer grado al que le sometieron las radios, [&hellip;]<\/p>\n","protected":false},"author":3,"featured_media":10896,"comment_status":"open","ping_status":"open","sticky":false,"template":"","format":"standard","meta":{"footnotes":""},"categories":[42],"tags":[],"class_list":["post-10895","post","type-post","status-publish","format-standard","has-post-thumbnail","hentry","category-deportes"],"_links":{"self":[{"href":"https:\/\/2horizontes.com\/index.php?rest_route=\/wp\/v2\/posts\/10895","targetHints":{"allow":["GET"]}}],"collection":[{"href":"https:\/\/2horizontes.com\/index.php?rest_route=\/wp\/v2\/posts"}],"about":[{"href":"https:\/\/2horizontes.com\/index.php?rest_route=\/wp\/v2\/types\/post"}],"author":[{"embeddable":true,"href":"https:\/\/2horizontes.com\/index.php?rest_route=\/wp\/v2\/users\/3"}],"replies":[{"embeddable":true,"href":"https:\/\/2horizontes.com\/index.php?rest_route=%2Fwp%2Fv2%2Fcomments&post=10895"}],"version-history":[{"count":1,"href":"https:\/\/2horizontes.com\/index.php?rest_route=\/wp\/v2\/posts\/10895\/revisions"}],"predecessor-version":[{"id":10897,"href":"https:\/\/2horizontes.com\/index.php?rest_route=\/wp\/v2\/posts\/10895\/revisions\/10897"}],"wp:featuredmedia":[{"embeddable":true,"href":"https:\/\/2horizontes.com\/index.php?rest_route=\/wp\/v2\/media\/10896"}],"wp:attachment":[{"href":"https:\/\/2horizontes.com\/index.php?rest_route=%2Fwp%2Fv2%2Fmedia&parent=10895"}],"wp:term":[{"taxonomy":"category","embeddable":true,"href":"https:\/\/2horizontes.com\/index.php?rest_route=%2Fwp%2Fv2%2Fcategories&post=10895"},{"taxonomy":"post_tag","embeddable":true,"href":"https:\/\/2horizontes.com\/index.php?rest_route=%2Fwp%2Fv2%2Ftags&post=10895"}],"curies":[{"name":"wp","href":"https:\/\/api.w.org\/{rel}","templated":true}]}}