{"id":10873,"date":"2015-06-04T19:29:38","date_gmt":"2015-06-04T18:29:38","guid":{"rendered":"http:\/\/2horizontes.com\/?p=10873"},"modified":"2015-06-04T19:30:07","modified_gmt":"2015-06-04T18:30:07","slug":"bush-presentara-su-candidatura-presidencial-el-15-de-junio","status":"publish","type":"post","link":"https:\/\/2horizontes.com\/?p=10873","title":{"rendered":"Bush presentar\u00e1 su candidatura presidencial el 15 de junio"},"content":{"rendered":"<p>El exgobernador de Florida, Jeb Bush, anunci\u00f3 que el pr\u00f3ximo 15 de junio presentar\u00e1 su candidatura a las primarias del Partido Republicano para las elecciones presidenciales de 2016.<br \/>\nBush ha publicado en su cuenta de Twitter la fecha en que se producir\u00e1 la confirmaci\u00f3n oficial de su candidatura a las primarias, a las que concurrir\u00e1n m\u00e1s de una docena de aspirantes republicanos, entre ellos el senador por Florida Marco Rubio.<\/p>\n<p>Asistentes de la campa\u00f1a confirmaron que Bush tom\u00f3 una decisi\u00f3n y que la anunciar\u00e1 en Miami el 15 de junio, antes de una gira europea en la que visitar\u00e1 Alemania, Polonia y Estonia. Formular\u00e1 el anuncio en el Colegio Comunitario del condado de Dade.<\/p>\n<p>El gobernador Bush agradece el apoyo y est\u00edmulo que ha recibido de muchos estadounidenses durante los \u00faltimos meses y espera anunciar su decisi\u00f3n\u00bb, dijo la portavoz Kristy Campbell.<\/p>\n<p>Hijo y hermano de expresidentes de Estados Unidos, Jeff Bush anunci\u00f3 en enero su intenci\u00f3n de concurrir a las primarias y desde entonces no ha parado de recorrer el pa\u00eds con un comit\u00e9 de apoyo para recaudar fondos y medir su respaldo popular.<\/p>\n","protected":false},"excerpt":{"rendered":"<p>El exgobernador de Florida, Jeb Bush, anunci\u00f3 que el pr\u00f3ximo 15 de junio presentar\u00e1 su candidatura a las primarias del Partido Republicano para las elecciones presidenciales de 2016. Bush ha publicado en su cuenta de Twitter la fecha en que se producir\u00e1 la confirmaci\u00f3n oficial de su candidatura a las primarias, a las que concurrir\u00e1n [&hellip;]<\/p>\n","protected":false},"author":3,"featured_media":10874,"comment_status":"open","ping_status":"open","sticky":false,"template":"","format":"standard","meta":{"footnotes":""},"categories":[40,43],"tags":[],"class_list":["post-10873","post","type-post","status-publish","format-standard","has-post-thumbnail","hentry","category-internacionales","category-politica"],"_links":{"self":[{"href":"https:\/\/2horizontes.com\/index.php?rest_route=\/wp\/v2\/posts\/10873","targetHints":{"allow":["GET"]}}],"collection":[{"href":"https:\/\/2horizontes.com\/index.php?rest_route=\/wp\/v2\/posts"}],"about":[{"href":"https:\/\/2horizontes.com\/index.php?rest_route=\/wp\/v2\/types\/post"}],"author":[{"embeddable":true,"href":"https:\/\/2horizontes.com\/index.php?rest_route=\/wp\/v2\/users\/3"}],"replies":[{"embeddable":true,"href":"https:\/\/2horizontes.com\/index.php?rest_route=%2Fwp%2Fv2%2Fcomments&post=10873"}],"version-history":[{"count":1,"href":"https:\/\/2horizontes.com\/index.php?rest_route=\/wp\/v2\/posts\/10873\/revisions"}],"predecessor-version":[{"id":10875,"href":"https:\/\/2horizontes.com\/index.php?rest_route=\/wp\/v2\/posts\/10873\/revisions\/10875"}],"wp:featuredmedia":[{"embeddable":true,"href":"https:\/\/2horizontes.com\/index.php?rest_route=\/wp\/v2\/media\/10874"}],"wp:attachment":[{"href":"https:\/\/2horizontes.com\/index.php?rest_route=%2Fwp%2Fv2%2Fmedia&parent=10873"}],"wp:term":[{"taxonomy":"category","embeddable":true,"href":"https:\/\/2horizontes.com\/index.php?rest_route=%2Fwp%2Fv2%2Fcategories&post=10873"},{"taxonomy":"post_tag","embeddable":true,"href":"https:\/\/2horizontes.com\/index.php?rest_route=%2Fwp%2Fv2%2Ftags&post=10873"}],"curies":[{"name":"wp","href":"https:\/\/api.w.org\/{rel}","templated":true}]}}