{"id":10841,"date":"2015-06-04T18:02:35","date_gmt":"2015-06-04T17:02:35","guid":{"rendered":"http:\/\/2horizontes.com\/?p=10841"},"modified":"2015-06-04T18:02:35","modified_gmt":"2015-06-04T17:02:35","slug":"un-hombre-muere-cuando-viajaba-como-pasajero-en-una-omsa","status":"publish","type":"post","link":"https:\/\/2horizontes.com\/?p=10841","title":{"rendered":"Un hombre muere cuando viajaba como pasajero en una OMSA"},"content":{"rendered":"<div id=\"ArticleBody\">\n<p>RD- SANTO DOMINGO- Un hombre muri\u00f3 esta ma\u00f1ana en el interior de un autob\u00fas de la Oficina Metropolitana de Servicios de Autobuses (OMSA), sin que hasta el momento se conozcan las causas.<\/p>\n<p>El hombre fue identificado como Ram\u00f3n Polanco Paulino, de 47 a\u00f1os, quien llevaba consigo una botella de bebida energizante, de acuerdo con las declaraciones que el conductor ofreci\u00f3 a oficiales de la Polic\u00eda, \u00e9ste abord\u00f3 el autob\u00fas en la avenida Correa y Cidr\u00f3n.<\/p>\n<p>De acuerdo con la nota policial, mientras el veh\u00edculo transitaba por la avenida John F. Kennedy pasajeros le informaron al conductor que \u201calguien se hab\u00eda puesto malo\u201d, por lo que detuvo el veh\u00edculo, pero Polanco ya hab\u00eda muerto.<\/p>\n<p>Al lugar lleg\u00f3 una unidad del 9-1-1 y el cad\u00e1ver fue trasladado a Patolog\u00eda Forense para fines de autopsia.<\/p>\n<\/div>\n<div><\/div>\n<p>&nbsp;<\/p>\n","protected":false},"excerpt":{"rendered":"<p>RD- SANTO DOMINGO- Un hombre muri\u00f3 esta ma\u00f1ana en el interior de un autob\u00fas de la Oficina Metropolitana de Servicios de Autobuses (OMSA), sin que hasta el momento se conozcan las causas. El hombre fue identificado como Ram\u00f3n Polanco Paulino, de 47 a\u00f1os, quien llevaba consigo una botella de bebida energizante, de acuerdo con las [&hellip;]<\/p>\n","protected":false},"author":8,"featured_media":10842,"comment_status":"open","ping_status":"open","sticky":false,"template":"","format":"standard","meta":{"footnotes":""},"categories":[44],"tags":[],"class_list":["post-10841","post","type-post","status-publish","format-standard","has-post-thumbnail","hentry","category-republica-dominicana"],"_links":{"self":[{"href":"https:\/\/2horizontes.com\/index.php?rest_route=\/wp\/v2\/posts\/10841","targetHints":{"allow":["GET"]}}],"collection":[{"href":"https:\/\/2horizontes.com\/index.php?rest_route=\/wp\/v2\/posts"}],"about":[{"href":"https:\/\/2horizontes.com\/index.php?rest_route=\/wp\/v2\/types\/post"}],"author":[{"embeddable":true,"href":"https:\/\/2horizontes.com\/index.php?rest_route=\/wp\/v2\/users\/8"}],"replies":[{"embeddable":true,"href":"https:\/\/2horizontes.com\/index.php?rest_route=%2Fwp%2Fv2%2Fcomments&post=10841"}],"version-history":[{"count":1,"href":"https:\/\/2horizontes.com\/index.php?rest_route=\/wp\/v2\/posts\/10841\/revisions"}],"predecessor-version":[{"id":10843,"href":"https:\/\/2horizontes.com\/index.php?rest_route=\/wp\/v2\/posts\/10841\/revisions\/10843"}],"wp:featuredmedia":[{"embeddable":true,"href":"https:\/\/2horizontes.com\/index.php?rest_route=\/wp\/v2\/media\/10842"}],"wp:attachment":[{"href":"https:\/\/2horizontes.com\/index.php?rest_route=%2Fwp%2Fv2%2Fmedia&parent=10841"}],"wp:term":[{"taxonomy":"category","embeddable":true,"href":"https:\/\/2horizontes.com\/index.php?rest_route=%2Fwp%2Fv2%2Fcategories&post=10841"},{"taxonomy":"post_tag","embeddable":true,"href":"https:\/\/2horizontes.com\/index.php?rest_route=%2Fwp%2Fv2%2Ftags&post=10841"}],"curies":[{"name":"wp","href":"https:\/\/api.w.org\/{rel}","templated":true}]}}