{"id":10774,"date":"2015-06-04T00:42:18","date_gmt":"2015-06-03T23:42:18","guid":{"rendered":"http:\/\/2horizontes.com\/?p=10774"},"modified":"2015-06-04T00:42:18","modified_gmt":"2015-06-03T23:42:18","slug":"danilo-promete-hablar-pronto-de-la-reeleccion","status":"publish","type":"post","link":"https:\/\/2horizontes.com\/?p=10774","title":{"rendered":"Danilo promete hablar pronto de la reelecci\u00f3n"},"content":{"rendered":"<p>RD- PUNTA CANA-El presidente Danilo Medina se pronunciar\u00e1 pronto sobre la reelecci\u00f3n presidencial. As\u00ed lo prometi\u00f3 este mi\u00e9rcoles a los medios de comunicaci\u00f3n.<\/p>\n<p>\u201cLes debo una y casi casi la voy a cumplir\u201d, fue la respuesta del mandatario cuando periodistas asignados a la fuente palaciega le preguntaron sobre cu\u00e1ndo se referir\u00e1 al tema de la reelecci\u00f3n.<\/p>\n<p>Medina habl\u00f3 en Uvero Alto, Punta Cana, donde dio \u00a0el primer palazo para el inicio de la construcci\u00f3n del hotel Now Onyx.<\/p>\n<p>El jefe de Estado promulgo ayer martes la <a href=\"http:\/\/gob.us7.list-manage.com\/track\/click?u=785107b820a3beec908c29082&amp;id=5fada1cdbb&amp;e=9b6985473a\" target=\"_blank\">ley n\u00famero 24-15<\/a>\u00a0que declara la necesidad de reformar el art\u00edculo 124 de la Constituci\u00f3n que permitir\u00e1 reinstaurar la reelecci\u00f3n presidencial, la cual est\u00e1, hasta ahora, est\u00e1 prohibida en dos periodos consecutivos.<\/p>\n<p>La pieza fue sancionada fue declarada de urgencia y sancionada en dos lecturas consecutivas. Horas despu\u00e9s Medina la promulgo.<\/p>\n<p>&nbsp;<\/p>\n","protected":false},"excerpt":{"rendered":"<p>RD- PUNTA CANA-El presidente Danilo Medina se pronunciar\u00e1 pronto sobre la reelecci\u00f3n presidencial. As\u00ed lo prometi\u00f3 este mi\u00e9rcoles a los medios de comunicaci\u00f3n. \u201cLes debo una y casi casi la voy a cumplir\u201d, fue la respuesta del mandatario cuando periodistas asignados a la fuente palaciega le preguntaron sobre cu\u00e1ndo se referir\u00e1 al tema de la [&hellip;]<\/p>\n","protected":false},"author":8,"featured_media":7992,"comment_status":"open","ping_status":"open","sticky":false,"template":"","format":"standard","meta":{"footnotes":""},"categories":[53,44,64],"tags":[],"class_list":["post-10774","post","type-post","status-publish","format-standard","has-post-thumbnail","hentry","category-provincias","category-republica-dominicana","category-turismo"],"_links":{"self":[{"href":"https:\/\/2horizontes.com\/index.php?rest_route=\/wp\/v2\/posts\/10774","targetHints":{"allow":["GET"]}}],"collection":[{"href":"https:\/\/2horizontes.com\/index.php?rest_route=\/wp\/v2\/posts"}],"about":[{"href":"https:\/\/2horizontes.com\/index.php?rest_route=\/wp\/v2\/types\/post"}],"author":[{"embeddable":true,"href":"https:\/\/2horizontes.com\/index.php?rest_route=\/wp\/v2\/users\/8"}],"replies":[{"embeddable":true,"href":"https:\/\/2horizontes.com\/index.php?rest_route=%2Fwp%2Fv2%2Fcomments&post=10774"}],"version-history":[{"count":1,"href":"https:\/\/2horizontes.com\/index.php?rest_route=\/wp\/v2\/posts\/10774\/revisions"}],"predecessor-version":[{"id":10775,"href":"https:\/\/2horizontes.com\/index.php?rest_route=\/wp\/v2\/posts\/10774\/revisions\/10775"}],"wp:featuredmedia":[{"embeddable":true,"href":"https:\/\/2horizontes.com\/index.php?rest_route=\/wp\/v2\/media\/7992"}],"wp:attachment":[{"href":"https:\/\/2horizontes.com\/index.php?rest_route=%2Fwp%2Fv2%2Fmedia&parent=10774"}],"wp:term":[{"taxonomy":"category","embeddable":true,"href":"https:\/\/2horizontes.com\/index.php?rest_route=%2Fwp%2Fv2%2Fcategories&post=10774"},{"taxonomy":"post_tag","embeddable":true,"href":"https:\/\/2horizontes.com\/index.php?rest_route=%2Fwp%2Fv2%2Ftags&post=10774"}],"curies":[{"name":"wp","href":"https:\/\/api.w.org\/{rel}","templated":true}]}}