{"id":10761,"date":"2015-06-03T18:05:44","date_gmt":"2015-06-03T17:05:44","guid":{"rendered":"http:\/\/2horizontes.com\/?p=10761"},"modified":"2015-06-03T18:05:44","modified_gmt":"2015-06-03T17:05:44","slug":"atracan-a-mano-armada-una-tienda-de-deportes-de-palma-para-llevarse-200-euros","status":"publish","type":"post","link":"https:\/\/2horizontes.com\/?p=10761","title":{"rendered":"Atracan a mano armada una tienda de deportes de Palma para llevarse 200 euros"},"content":{"rendered":"<p>Dos j\u00f3venes asaltaron en la tarde del lunes un establecimiento de ropa deportiva, retuvieron a la due\u00f1a con un gran cuchillo y finalmente huyeron con 200 euros de la caja.<\/p>\n<p>Los hechos ocurrieron minutos despu\u00e9s de las siete y media de la tarde, en la calle Bisbe Bernat Nadal, una paralela a Sant Vicen\u00e7 de Pa\u00fcl. Se trata de una tienda de deportes y en su interior, en ese momento, se encontraba solo la propietaria. Dos muchachos aparcaron un ciclomotor sobre la acera y, sin quitarse los cascos, entraron en el negocio y la amenazaron con un cuchillo.<\/p>\n<p>Se vivieron entonces momentos de gran tensi\u00f3n, y mientras uno de los ladrones se dirig\u00eda a la caja el otro retuvo a la mujer. El primero forz\u00f3 la caja registradora y se apoder\u00f3 de unos 200 euros en efectivo y fue en ese momento cuando la propietaria consigui\u00f3 salir corriendo a la calle y pedir ayuda a gritos. Los dos atracadores huyeron.<\/p>\n<p>Al tratarse de un atraco a manos armada, el caso ha pasado al Grupo de Atracos del Cuerpo Nacional de Polic\u00eda, que est\u00e1 analizando las c\u00e1maras de seguridad entre las barriadas de Cas Capiscol y Camp Red\u00f3. Los investigadores tienen ya algunas pistas importantes y la detenci\u00f3n de los autores podr\u00eda estar pr\u00f3xima.<\/p>\n","protected":false},"excerpt":{"rendered":"<p>Dos j\u00f3venes asaltaron en la tarde del lunes un establecimiento de ropa deportiva, retuvieron a la due\u00f1a con un gran cuchillo y finalmente huyeron con 200 euros de la caja. Los hechos ocurrieron minutos despu\u00e9s de las siete y media de la tarde, en la calle Bisbe Bernat Nadal, una paralela a Sant Vicen\u00e7 de [&hellip;]<\/p>\n","protected":false},"author":3,"featured_media":10762,"comment_status":"open","ping_status":"open","sticky":false,"template":"","format":"standard","meta":{"footnotes":""},"categories":[85],"tags":[],"class_list":["post-10761","post","type-post","status-publish","format-standard","has-post-thumbnail","hentry","category-espana"],"_links":{"self":[{"href":"https:\/\/2horizontes.com\/index.php?rest_route=\/wp\/v2\/posts\/10761","targetHints":{"allow":["GET"]}}],"collection":[{"href":"https:\/\/2horizontes.com\/index.php?rest_route=\/wp\/v2\/posts"}],"about":[{"href":"https:\/\/2horizontes.com\/index.php?rest_route=\/wp\/v2\/types\/post"}],"author":[{"embeddable":true,"href":"https:\/\/2horizontes.com\/index.php?rest_route=\/wp\/v2\/users\/3"}],"replies":[{"embeddable":true,"href":"https:\/\/2horizontes.com\/index.php?rest_route=%2Fwp%2Fv2%2Fcomments&post=10761"}],"version-history":[{"count":1,"href":"https:\/\/2horizontes.com\/index.php?rest_route=\/wp\/v2\/posts\/10761\/revisions"}],"predecessor-version":[{"id":10763,"href":"https:\/\/2horizontes.com\/index.php?rest_route=\/wp\/v2\/posts\/10761\/revisions\/10763"}],"wp:featuredmedia":[{"embeddable":true,"href":"https:\/\/2horizontes.com\/index.php?rest_route=\/wp\/v2\/media\/10762"}],"wp:attachment":[{"href":"https:\/\/2horizontes.com\/index.php?rest_route=%2Fwp%2Fv2%2Fmedia&parent=10761"}],"wp:term":[{"taxonomy":"category","embeddable":true,"href":"https:\/\/2horizontes.com\/index.php?rest_route=%2Fwp%2Fv2%2Fcategories&post=10761"},{"taxonomy":"post_tag","embeddable":true,"href":"https:\/\/2horizontes.com\/index.php?rest_route=%2Fwp%2Fv2%2Ftags&post=10761"}],"curies":[{"name":"wp","href":"https:\/\/api.w.org\/{rel}","templated":true}]}}