{"id":10749,"date":"2015-06-03T17:51:13","date_gmt":"2015-06-03T16:51:13","guid":{"rendered":"http:\/\/2horizontes.com\/?p=10749"},"modified":"2015-06-03T17:52:03","modified_gmt":"2015-06-03T16:52:03","slug":"monica-naranjo-yo-he-vivido-varias-vidas-paralelas-de-verdad","status":"publish","type":"post","link":"https:\/\/2horizontes.com\/?p=10749","title":{"rendered":"M\u00f3nica Naranjo Yo he vivido varias vidas paralelas, de verdad"},"content":{"rendered":"<p>Aprovecha un par\u00e9ntesis en el estudio de grabaci\u00f3n, donde perge\u00f1a la \u00f3pera rock Lubna, para responder las preguntas que le disparo. Desde Barcelona y por v\u00eda telef\u00f3nica, <strong>M\u00f3nica Naranjo<\/strong> (Figueres, Girona, 1974), art\u00edfice de Sobrevivir\u00e9 o Des\u00e1tame, temas que han trascendido en varias generaciones, agradece poder residir actualmente en la Ciudad Condal. \u00abDesde que tengo 18 a\u00f1os he estado viviendo en distintos pa\u00edses\u00bb, aduce quien actuar\u00e1 en la Pla\u00e7a Ramon Llull de Manacor, el 6 de junio, a partir de las 21.00. El \u00faltimo disco que ha facturado es 4.0, \u00e1lbum en el que reviste sus canciones.<\/p>\n<p><strong>\u00a0\u2014\u00bfC\u00f3mo lleva la grabaci\u00f3n de Lubna?<\/strong><br \/>\n\u2014Llevamos seis a\u00f1os, parece el parto de la burra. Es una obra literaria y trabajar mano a mano con un escritor conlleva ralentizar las cosas. Pensaba que la comuni\u00f3n iba a ser m\u00e1s complicada, pero ha sido todo con una un normalidad y respeto que volver\u00eda a repetir experiencia. Creo que a nivel musical e interno es lo m\u00e1s bonito que he hecho.<\/p>\n<p><strong>\u2014Estuvo viviendo en M\u00e9xico, se retir\u00f3 y despu\u00e9s retom\u00f3 los escenarios. \u00bfPor qu\u00e9 se fue? \u00bfSe cans\u00f3 de la m\u00fasica?<\/strong><br \/>\n\u2014No, de la m\u00fasica una nunca se cansa. Se cansa de la gente que le rodea y en aquel momento s\u00f3lo me rodeaban personas t\u00f3xicas, con poco amor al trabajo y demasiado amor por lo ajeno. Termin\u00e9 asqueada. Y eso fue lo mejor que hice en la vida.<\/p>\n<p><strong>\u2014\u00bfDejar la m\u00fasica?<br \/>\n<\/strong>\u2014Totalmente.<\/p>\n<p><strong>\u2014\u00bfQu\u00e9 hizo durante el tiempo en que la abandon\u00f3?<\/strong><br \/>\n\u2014Vivir. Desconoc\u00eda el placer que era tomarte una tortilla de patata con una ca\u00f1a delante del mar.<\/p>\n<p><strong>\u2014\u00bfPor qu\u00e9 volvi\u00f3?<\/strong><br \/>\n\u2014Porque amo la m\u00fasica. Hab\u00eda trabajado tant\u00edsimo que me pod\u00eda permitir tomarme un periodo de siete a\u00f1os de hibernaci\u00f3n.<\/p>\n<p><strong>\u2014\u00bfQu\u00e9 hab\u00eda cambiado cuando reapareci\u00f3 hace ahora ocho a\u00f1os?<\/strong><br \/>\n\u2014Todo, dej\u00e9 la m\u00fasica emergiendo y cuando volv\u00ed dije: \u2018\u00a1Dios m\u00edo, pero qu\u00e9 ha pasado!\u2019. Esto parece lo de los imperios romanos, se estaba derrumbando para volver a construirse. Y estamos en ello todav\u00eda.<\/p>\n<p><strong>\u2014\u00bfC\u00f3mo debe reconstruirse?<\/strong><br \/>\n\u2014Hay que aceptar la situaci\u00f3n, renovarse y unirse al enemigo.<\/p>\n<p><strong>\u2014\u00bfQui\u00e9n es el enemigo?<\/strong><br \/>\n\u2014Las redes sociales y las compa\u00f1\u00edas telef\u00f3nicas, que son las principales responsables.<\/p>\n<p><strong>\u2014\u00bfSe le considera musa para los homosexuales. \u00bfLo ve as\u00ed?<\/strong><br \/>\n\u2014Todo sucedi\u00f3 muy r\u00e1pido. En esos a\u00f1os, que fueron diez sin parar, no soy muy consciente de lo que pas\u00f3. No par\u00e9 de trabajar, de viajar, de cantar. De estar un d\u00eda en cuatro ciudades de pa\u00edses distintos con un jet privado. Yo no me di cuenta. Me di cuenta despu\u00e9s, desde la tranquilidad y la lejan\u00eda.<\/p>\n<p><strong>\u2014\u00bfLo valoraba?<\/strong><br \/>\n\u2014No, no me daba cuenta.<\/p>\n<p><strong>\u2014Tengo la impresi\u00f3n de que usted ha vivido una vida paralela.<\/strong><br \/>\n\u2014Yo he vivido varias vidas paralelas, de verdad.<\/p>\n<p><strong>\u2014\u00bfSu 40 cumplea\u00f1os es una excusa para salir de gira?<\/strong><br \/>\n\u2014No, ya estaba pensado porque llev\u00e1bamos dos giras de cl\u00e1sico y ahora con Lubna \u00edbamos a estar otra vez en semi cl\u00e1sico como quien dice. Y yo necesitaba desmadrarme.<\/p>\n","protected":false},"excerpt":{"rendered":"<p>Aprovecha un par\u00e9ntesis en el estudio de grabaci\u00f3n, donde perge\u00f1a la \u00f3pera rock Lubna, para responder las preguntas que le disparo. Desde Barcelona y por v\u00eda telef\u00f3nica, M\u00f3nica Naranjo (Figueres, Girona, 1974), art\u00edfice de Sobrevivir\u00e9 o Des\u00e1tame, temas que han trascendido en varias generaciones, agradece poder residir actualmente en la Ciudad Condal. \u00abDesde que tengo [&hellip;]<\/p>\n","protected":false},"author":3,"featured_media":10750,"comment_status":"open","ping_status":"open","sticky":false,"template":"","format":"standard","meta":{"footnotes":""},"categories":[1],"tags":[],"class_list":["post-10749","post","type-post","status-publish","format-standard","has-post-thumbnail","hentry","category-entretenimiento"],"_links":{"self":[{"href":"https:\/\/2horizontes.com\/index.php?rest_route=\/wp\/v2\/posts\/10749","targetHints":{"allow":["GET"]}}],"collection":[{"href":"https:\/\/2horizontes.com\/index.php?rest_route=\/wp\/v2\/posts"}],"about":[{"href":"https:\/\/2horizontes.com\/index.php?rest_route=\/wp\/v2\/types\/post"}],"author":[{"embeddable":true,"href":"https:\/\/2horizontes.com\/index.php?rest_route=\/wp\/v2\/users\/3"}],"replies":[{"embeddable":true,"href":"https:\/\/2horizontes.com\/index.php?rest_route=%2Fwp%2Fv2%2Fcomments&post=10749"}],"version-history":[{"count":2,"href":"https:\/\/2horizontes.com\/index.php?rest_route=\/wp\/v2\/posts\/10749\/revisions"}],"predecessor-version":[{"id":10753,"href":"https:\/\/2horizontes.com\/index.php?rest_route=\/wp\/v2\/posts\/10749\/revisions\/10753"}],"wp:featuredmedia":[{"embeddable":true,"href":"https:\/\/2horizontes.com\/index.php?rest_route=\/wp\/v2\/media\/10750"}],"wp:attachment":[{"href":"https:\/\/2horizontes.com\/index.php?rest_route=%2Fwp%2Fv2%2Fmedia&parent=10749"}],"wp:term":[{"taxonomy":"category","embeddable":true,"href":"https:\/\/2horizontes.com\/index.php?rest_route=%2Fwp%2Fv2%2Fcategories&post=10749"},{"taxonomy":"post_tag","embeddable":true,"href":"https:\/\/2horizontes.com\/index.php?rest_route=%2Fwp%2Fv2%2Ftags&post=10749"}],"curies":[{"name":"wp","href":"https:\/\/api.w.org\/{rel}","templated":true}]}}