{"id":10725,"date":"2015-06-03T17:04:26","date_gmt":"2015-06-03T16:04:26","guid":{"rendered":"http:\/\/2horizontes.com\/?p=10725"},"modified":"2015-06-03T17:04:26","modified_gmt":"2015-06-03T16:04:26","slug":"messi-se-queja-de-no-poder-estar-en-la-despedida-de-xavi-por-culpa-del-control-antidopaje","status":"publish","type":"post","link":"https:\/\/2horizontes.com\/?p=10725","title":{"rendered":"Messi se queja de no poder estar en la despedida de Xavi por culpa del control antidopaje"},"content":{"rendered":"<p>Leo Messi manifest\u00f3, a trav\u00e9s de redes sociales, su malestar por perderse el acto de homenaje que el FC Barcelona brind\u00f3 a su compa\u00f1ero Xavi Hern\u00e1ndez al estar en ese momento someti\u00e9ndose al control antidoping de la UEFA Culpa del doping no podemos estar en la despedida de Xavi\u00bb, se expresaba el astro argentino a trav\u00e9s de su Insttagram, acompa\u00f1ando el mensaje de una fotograf\u00eda en la aparec\u00eda el propio Leo, junto a Rakitic, Piqu\u00e9, Rafinha y Ter Stegen.<\/p>\n<p>&nbsp;<\/p>\n","protected":false},"excerpt":{"rendered":"<p>Leo Messi manifest\u00f3, a trav\u00e9s de redes sociales, su malestar por perderse el acto de homenaje que el FC Barcelona brind\u00f3 a su compa\u00f1ero Xavi Hern\u00e1ndez al estar en ese momento someti\u00e9ndose al control antidoping de la UEFA Culpa del doping no podemos estar en la despedida de Xavi\u00bb, se expresaba el astro argentino a [&hellip;]<\/p>\n","protected":false},"author":3,"featured_media":10727,"comment_status":"open","ping_status":"open","sticky":false,"template":"","format":"standard","meta":{"footnotes":""},"categories":[42],"tags":[],"class_list":["post-10725","post","type-post","status-publish","format-standard","has-post-thumbnail","hentry","category-deportes"],"_links":{"self":[{"href":"https:\/\/2horizontes.com\/index.php?rest_route=\/wp\/v2\/posts\/10725","targetHints":{"allow":["GET"]}}],"collection":[{"href":"https:\/\/2horizontes.com\/index.php?rest_route=\/wp\/v2\/posts"}],"about":[{"href":"https:\/\/2horizontes.com\/index.php?rest_route=\/wp\/v2\/types\/post"}],"author":[{"embeddable":true,"href":"https:\/\/2horizontes.com\/index.php?rest_route=\/wp\/v2\/users\/3"}],"replies":[{"embeddable":true,"href":"https:\/\/2horizontes.com\/index.php?rest_route=%2Fwp%2Fv2%2Fcomments&post=10725"}],"version-history":[{"count":1,"href":"https:\/\/2horizontes.com\/index.php?rest_route=\/wp\/v2\/posts\/10725\/revisions"}],"predecessor-version":[{"id":10728,"href":"https:\/\/2horizontes.com\/index.php?rest_route=\/wp\/v2\/posts\/10725\/revisions\/10728"}],"wp:featuredmedia":[{"embeddable":true,"href":"https:\/\/2horizontes.com\/index.php?rest_route=\/wp\/v2\/media\/10727"}],"wp:attachment":[{"href":"https:\/\/2horizontes.com\/index.php?rest_route=%2Fwp%2Fv2%2Fmedia&parent=10725"}],"wp:term":[{"taxonomy":"category","embeddable":true,"href":"https:\/\/2horizontes.com\/index.php?rest_route=%2Fwp%2Fv2%2Fcategories&post=10725"},{"taxonomy":"post_tag","embeddable":true,"href":"https:\/\/2horizontes.com\/index.php?rest_route=%2Fwp%2Fv2%2Ftags&post=10725"}],"curies":[{"name":"wp","href":"https:\/\/api.w.org\/{rel}","templated":true}]}}