{"id":10723,"date":"2015-06-03T16:59:12","date_gmt":"2015-06-03T15:59:12","guid":{"rendered":"http:\/\/2horizontes.com\/?p=10723"},"modified":"2015-06-03T16:59:12","modified_gmt":"2015-06-03T15:59:12","slug":"tres-meses-de-prision-al-acusado-de-haber-causado-la-muerte-de-mecanico","status":"publish","type":"post","link":"https:\/\/2horizontes.com\/?p=10723","title":{"rendered":"Tres meses de prisi\u00f3n al acusado de haber causado la muerte de mec\u00e1nico"},"content":{"rendered":"<p><strong>RD-LA ROMANA.<\/strong> Un tribunal de aqu\u00ed impuso tres meses de prisi\u00f3n preventiva a Luis David Castro de la Rosa, acusado por la fiscal\u00eda de haber ocasionado la muerte por manejo temerario en motocicleta al mec\u00e1nico y transportista \u00c1ngel Ren\u00e9 Raposo (El Rubio).<\/p>\n<p>La medida de coerci\u00f3n fue impuesta por el juez Danilo Morla, del Juzgado Especial de Tr\u00e1nsito de este distrito judicial.<\/p>\n<p>Raposo falleci\u00f3 la noche del pasado 23 de mayo en la parte trasera del Complejo Deportivo \u00abPedro Julio Nolasco\u00bb, en cuyo trayecto la v\u00edctima se desplazaba tambi\u00e9n en una motocicleta.<\/p>\n<p>El fiscal adjunto Ra\u00fal Sep\u00falveda narr\u00f3 que De la Rosa, a bordo de un Tauro, se transportaba en direcci\u00f3n Oeste-Este.<\/p>\n<p>Dijo que de manera brusca y con el motor levantado el imputado hizo un giro que lo llev\u00f3 a la v\u00eda contraria que ocupaba \u00c1ngel Ren\u00e9 Raposo, a quien choc\u00f3 de frente.<\/p>\n<p>\u00abEl Rubio\u00bb sufri\u00f3 trauma severo y fracturas m\u00faltiples que le ocasionaron la muerte.<\/p>\n<p>El motociclista fue ingresado al hospital El Buen Samaritano, de donde escap\u00f3. Fue capturado en Saman\u00e1.<\/p>\n<p>\u00c1ngel Ren\u00e9 Raposo (El Rubio) era conocido como un hombre de bien, dedicado al trabajo y a su familia.<\/p>\n<p>Ten\u00eda su taller para la reparaci\u00f3n de camiones en la ruta de tr\u00e1nsito del sector San Carlos y era due\u00f1o de rutas en el trasporte urbano de La Romana.<\/p>\n","protected":false},"excerpt":{"rendered":"<p>RD-LA ROMANA. Un tribunal de aqu\u00ed impuso tres meses de prisi\u00f3n preventiva a Luis David Castro de la Rosa, acusado por la fiscal\u00eda de haber ocasionado la muerte por manejo temerario en motocicleta al mec\u00e1nico y transportista \u00c1ngel Ren\u00e9 Raposo (El Rubio). La medida de coerci\u00f3n fue impuesta por el juez Danilo Morla, del Juzgado [&hellip;]<\/p>\n","protected":false},"author":8,"featured_media":8019,"comment_status":"open","ping_status":"open","sticky":false,"template":"","format":"standard","meta":{"footnotes":""},"categories":[53],"tags":[],"class_list":["post-10723","post","type-post","status-publish","format-standard","has-post-thumbnail","hentry","category-provincias"],"_links":{"self":[{"href":"https:\/\/2horizontes.com\/index.php?rest_route=\/wp\/v2\/posts\/10723","targetHints":{"allow":["GET"]}}],"collection":[{"href":"https:\/\/2horizontes.com\/index.php?rest_route=\/wp\/v2\/posts"}],"about":[{"href":"https:\/\/2horizontes.com\/index.php?rest_route=\/wp\/v2\/types\/post"}],"author":[{"embeddable":true,"href":"https:\/\/2horizontes.com\/index.php?rest_route=\/wp\/v2\/users\/8"}],"replies":[{"embeddable":true,"href":"https:\/\/2horizontes.com\/index.php?rest_route=%2Fwp%2Fv2%2Fcomments&post=10723"}],"version-history":[{"count":1,"href":"https:\/\/2horizontes.com\/index.php?rest_route=\/wp\/v2\/posts\/10723\/revisions"}],"predecessor-version":[{"id":10724,"href":"https:\/\/2horizontes.com\/index.php?rest_route=\/wp\/v2\/posts\/10723\/revisions\/10724"}],"wp:featuredmedia":[{"embeddable":true,"href":"https:\/\/2horizontes.com\/index.php?rest_route=\/wp\/v2\/media\/8019"}],"wp:attachment":[{"href":"https:\/\/2horizontes.com\/index.php?rest_route=%2Fwp%2Fv2%2Fmedia&parent=10723"}],"wp:term":[{"taxonomy":"category","embeddable":true,"href":"https:\/\/2horizontes.com\/index.php?rest_route=%2Fwp%2Fv2%2Fcategories&post=10723"},{"taxonomy":"post_tag","embeddable":true,"href":"https:\/\/2horizontes.com\/index.php?rest_route=%2Fwp%2Fv2%2Ftags&post=10723"}],"curies":[{"name":"wp","href":"https:\/\/api.w.org\/{rel}","templated":true}]}}