{"id":10694,"date":"2015-06-03T16:35:10","date_gmt":"2015-06-03T15:35:10","guid":{"rendered":"http:\/\/2horizontes.com\/?p=10694"},"modified":"2015-06-03T16:35:10","modified_gmt":"2015-06-03T15:35:10","slug":"recuerdan-al-teniente-amado-garcia-guerrero-uno-de-los-ajusticiadores-de-trujillo","status":"publish","type":"post","link":"https:\/\/2horizontes.com\/?p=10694","title":{"rendered":"Recuerdan al teniente Amado Garc\u00eda Guerrero uno de los ajusticiadores de trujillo"},"content":{"rendered":"<p>RD-SANTO DOMINGO &#8211; La Comisi\u00f3n Permanente de Efem\u00e9rides Patrias y la Fundaci\u00f3n H\u00e9roes 30 de Mayo conmemoraron el 54 Aniversario de la muerte del teniente Amado Garc\u00eda Guerrero.<br \/>\nEl acto se realiz\u00f3 en la plaza levantada en el mismo lugar donde cay\u00f3 el oficial el 2 de junio de 1961 a dos d\u00edas de haber participado en la muerte a tiros de Rafael Leonidas Trujillo.<\/p>\n<p>El homenaje fue encabezado por el licenciado Juan Daniel Balc\u00e1cer, presidente de la Comisi\u00f3n de Efem\u00e9rides Patrias, en compa\u00f1\u00eda de funcionarios gubernamentales y familiares de los involucrados en la muerte de Trujillo.<br \/>\nEntre los presentes se destacan Juan Lora Fern\u00e1ndez, hijo del coronel Juan Mar\u00eda Lora Fern\u00e1ndez, Arlette Fernandez, viuda del coronel Rafael Fern\u00e1ndez Dominguez, do\u00f1a Lind\u00edn Gonz\u00e1lez, y sus hijos Manuel y Huascar Tejeda; Rafael Battle de la Maza, Luichy Estrella Mieses, hijo de Salvador Estrella Sadhal\u00e1; Rafael P\u00e9rez Modesto, Mayra B\u00e1ez, Rafael Garc\u00eda Romero y Luis de Le\u00f3n, entre otros.<\/p>\n<p>Balc\u00e1cer expres\u00f3: \u201cEs deber nuestro venir a esta plaza donde ofrend\u00f3 su vida valientemente. Nosotros tenemos que cumplir con este deber patri\u00f3tico porque nosotros no debemos permitir que desaparezca la memoria hist\u00f3rica\u201d.<br \/>\nBalc\u00e1cer afirm\u00f3 que \u201chay corrientes que aprovechando las fisuras que se abren en las sociedades tienen intenciones de abrir un partido y de vender las supuestas bondades de la que fue una\u00a0 de las m\u00e1s horripilantes tiran\u00edas que dej\u00f3 innumerables v\u00edctimas dominicanas, desaparecidos, asilados, torturados, asesinados\u2026\u201d<\/p>\n","protected":false},"excerpt":{"rendered":"<p>RD-SANTO DOMINGO &#8211; La Comisi\u00f3n Permanente de Efem\u00e9rides Patrias y la Fundaci\u00f3n H\u00e9roes 30 de Mayo conmemoraron el 54 Aniversario de la muerte del teniente Amado Garc\u00eda Guerrero. El acto se realiz\u00f3 en la plaza levantada en el mismo lugar donde cay\u00f3 el oficial el 2 de junio de 1961 a dos d\u00edas de haber [&hellip;]<\/p>\n","protected":false},"author":8,"featured_media":10697,"comment_status":"open","ping_status":"open","sticky":false,"template":"","format":"standard","meta":{"footnotes":""},"categories":[84,44],"tags":[],"class_list":["post-10694","post","type-post","status-publish","format-standard","has-post-thumbnail","hentry","category-otras-noticias","category-republica-dominicana"],"_links":{"self":[{"href":"https:\/\/2horizontes.com\/index.php?rest_route=\/wp\/v2\/posts\/10694","targetHints":{"allow":["GET"]}}],"collection":[{"href":"https:\/\/2horizontes.com\/index.php?rest_route=\/wp\/v2\/posts"}],"about":[{"href":"https:\/\/2horizontes.com\/index.php?rest_route=\/wp\/v2\/types\/post"}],"author":[{"embeddable":true,"href":"https:\/\/2horizontes.com\/index.php?rest_route=\/wp\/v2\/users\/8"}],"replies":[{"embeddable":true,"href":"https:\/\/2horizontes.com\/index.php?rest_route=%2Fwp%2Fv2%2Fcomments&post=10694"}],"version-history":[{"count":1,"href":"https:\/\/2horizontes.com\/index.php?rest_route=\/wp\/v2\/posts\/10694\/revisions"}],"predecessor-version":[{"id":10698,"href":"https:\/\/2horizontes.com\/index.php?rest_route=\/wp\/v2\/posts\/10694\/revisions\/10698"}],"wp:featuredmedia":[{"embeddable":true,"href":"https:\/\/2horizontes.com\/index.php?rest_route=\/wp\/v2\/media\/10697"}],"wp:attachment":[{"href":"https:\/\/2horizontes.com\/index.php?rest_route=%2Fwp%2Fv2%2Fmedia&parent=10694"}],"wp:term":[{"taxonomy":"category","embeddable":true,"href":"https:\/\/2horizontes.com\/index.php?rest_route=%2Fwp%2Fv2%2Fcategories&post=10694"},{"taxonomy":"post_tag","embeddable":true,"href":"https:\/\/2horizontes.com\/index.php?rest_route=%2Fwp%2Fv2%2Ftags&post=10694"}],"curies":[{"name":"wp","href":"https:\/\/api.w.org\/{rel}","templated":true}]}}