{"id":10671,"date":"2015-06-03T15:56:00","date_gmt":"2015-06-03T14:56:00","guid":{"rendered":"http:\/\/2horizontes.com\/?p=10671"},"modified":"2015-06-03T15:56:00","modified_gmt":"2015-06-03T14:56:00","slug":"identifican-a-asesinos-del-periodista-blas-olivo-uno-de-ellos-era-sicario-de-figueroa-agosto","status":"publish","type":"post","link":"https:\/\/2horizontes.com\/?p=10671","title":{"rendered":"Identifican a asesinos del periodista Blas Olivo; uno de ellos era sicario de Figueroa Agosto"},"content":{"rendered":"<p>RD- SANTODOMINGO- La Polic\u00eda Nacional inform\u00f3 que el m\u00f3vil del asesinato del periodista Blas Olivo fue el despojo de su veh\u00edculo ejecutado por una banda criminal dirigida por un reconocido sicario desde la c\u00e1rcel. El jefe de la Polic\u00eda, mayor general Manuel Castro Castillo, identific\u00f3 a los integrantes de la poderosa banda y afirm\u00f3 que la misma se dedicaba al robo de veh\u00edculos, atracos, ajustes de cuentas, secuestros y sicariatos. Nombr\u00f3 a los integrantes de la banda, entre los cuales figuran dos ex segundos tenientes del Ej\u00e9rcito, un ex segundo teniente de la Polic\u00eda y un cabo del Ej\u00e9rcito, exagente de la Direcci\u00f3n Nacional de Control de Drogas (DNCD).<\/p>\n<p>\u201cEl jefe de la banda es el reconocido sicario Jos\u00e9 Miguel Rodr\u00edguez Almonte alias Job, condenado a 30 a\u00f1os de prisi\u00f3n y est\u00e1 recluido en la c\u00e1rcel de Monte Plata desde donde daba las \u00f3rdenes\u201d, dijo Castro Castillo.<\/p>\n<p>Rodr\u00edguez Almonte es se\u00f1alado como uno de los sicarios de la red Figueroa Agosto.<\/p>\n<p>Castro Castillo descart\u00f3 que se trate de una acci\u00f3n de sicariato contra el comunicador Olivo, quien fue interceptado en la autopista Duarte y cuyo cad\u00e1ver apareci\u00f3 el 13 de abril en el sector Arroyo Vuelta del kil\u00f3metro 67 de la autopista Duarte.<\/p>\n<p>De acuerdo a la Polic\u00eda, en la muerte de Olivo participaron Hamlet Gabriel Guzm\u00e1n alias Hamlet el Sicario, quien dirig\u00eda las operaciones de los asesinos y muri\u00f3 el pasado fin de semana en un supuesto intercambio de disparos con la Polic\u00eda en el sector El Tamarindo, de Santo Domingo. Tambi\u00e9n participaron los extenientes del Ej\u00e9rcito Iv\u00e1n Eliseo de Le\u00f3n Ramos (El Flaco); F\u00e9lix Antonio Abreu Rodr\u00edguez y Boris Jos\u00e9 Cabrera Tapia; el excabo de la Polic\u00eda \u00c1ngel Salvador \u00c1lvarez Ventura; el exagente antidrogas M\u00e1ximo Rafael Alc\u00e1ntara; Ceferino Dur\u00e1n (El Gringo), Radham\u00e9s Portes (Macadamia) y Kelvin Su\u00e1rez (Bilo).<\/p>\n<p>Est\u00e1n pr\u00f3fugos Jos\u00e9 Radham\u00e9s Lorenzo (Ant\u00f3n), Joel Peralta Rodr\u00edguez (\u00d1eta), Jos\u00e9 Dilon\u00e9 Vargas Valerio (Beb\u00e9) y Manuel Vargas Rodr\u00edguez (Cara Cortada).<br \/>\nCastro Castillo inform\u00f3 que la uniformada ocup\u00f3 20 veh\u00edculos, armas, pertrechos militares y otros art\u00edculos que eran usados por la banda para cometer atracos, secuestros y tumbes.<\/p>\n<p>De su lado, el presidente del Colegio de Periodistas, Olivo de Le\u00f3n, dijo que a la investigaci\u00f3n policial le faltan elementos, por lo que sostendr\u00e1 una reuni\u00f3n con los familiares del periodistas Olivo, para analizar el informe policial.<\/p>\n<p>\u201cHay algo que no est\u00e1 claro, yo creo que a nadie lo atracan en la autopista Duarte y lo matan porque su veh\u00edculo es bonito\u201d, afirm\u00f3.<\/p>\n","protected":false},"excerpt":{"rendered":"<p>RD- SANTODOMINGO- La Polic\u00eda Nacional inform\u00f3 que el m\u00f3vil del asesinato del periodista Blas Olivo fue el despojo de su veh\u00edculo ejecutado por una banda criminal dirigida por un reconocido sicario desde la c\u00e1rcel. El jefe de la Polic\u00eda, mayor general Manuel Castro Castillo, identific\u00f3 a los integrantes de la poderosa banda y afirm\u00f3 que [&hellip;]<\/p>\n","protected":false},"author":8,"featured_media":10673,"comment_status":"open","ping_status":"open","sticky":false,"template":"","format":"standard","meta":{"footnotes":""},"categories":[44],"tags":[],"class_list":["post-10671","post","type-post","status-publish","format-standard","has-post-thumbnail","hentry","category-republica-dominicana"],"_links":{"self":[{"href":"https:\/\/2horizontes.com\/index.php?rest_route=\/wp\/v2\/posts\/10671","targetHints":{"allow":["GET"]}}],"collection":[{"href":"https:\/\/2horizontes.com\/index.php?rest_route=\/wp\/v2\/posts"}],"about":[{"href":"https:\/\/2horizontes.com\/index.php?rest_route=\/wp\/v2\/types\/post"}],"author":[{"embeddable":true,"href":"https:\/\/2horizontes.com\/index.php?rest_route=\/wp\/v2\/users\/8"}],"replies":[{"embeddable":true,"href":"https:\/\/2horizontes.com\/index.php?rest_route=%2Fwp%2Fv2%2Fcomments&post=10671"}],"version-history":[{"count":1,"href":"https:\/\/2horizontes.com\/index.php?rest_route=\/wp\/v2\/posts\/10671\/revisions"}],"predecessor-version":[{"id":10674,"href":"https:\/\/2horizontes.com\/index.php?rest_route=\/wp\/v2\/posts\/10671\/revisions\/10674"}],"wp:featuredmedia":[{"embeddable":true,"href":"https:\/\/2horizontes.com\/index.php?rest_route=\/wp\/v2\/media\/10673"}],"wp:attachment":[{"href":"https:\/\/2horizontes.com\/index.php?rest_route=%2Fwp%2Fv2%2Fmedia&parent=10671"}],"wp:term":[{"taxonomy":"category","embeddable":true,"href":"https:\/\/2horizontes.com\/index.php?rest_route=%2Fwp%2Fv2%2Fcategories&post=10671"},{"taxonomy":"post_tag","embeddable":true,"href":"https:\/\/2horizontes.com\/index.php?rest_route=%2Fwp%2Fv2%2Ftags&post=10671"}],"curies":[{"name":"wp","href":"https:\/\/api.w.org\/{rel}","templated":true}]}}