{"id":10638,"date":"2015-06-03T14:36:33","date_gmt":"2015-06-03T13:36:33","guid":{"rendered":"http:\/\/2horizontes.com\/?p=10638"},"modified":"2015-06-03T14:36:33","modified_gmt":"2015-06-03T13:36:33","slug":"un-nino-de-8-anos-deja-crecer-su-pelo-durante-2-anos-para-donarlo-a-enfermos-de-cancer","status":"publish","type":"post","link":"https:\/\/2horizontes.com\/?p=10638","title":{"rendered":"Un ni\u00f1o de 8 a\u00f1os deja crecer su pelo durante 2 a\u00f1os para donarlo a enfermos de c\u00e1ncer"},"content":{"rendered":"<p>Cristina McPhilamy, de 8 a\u00f1os, cambi\u00f3 su forma de ver el mundo tras una visita al Hospital de Investigaci\u00f3n Infantil St. Jude Children de Florida.<\/p>\n<p>McPhilamy se encontr\u00f3 all\u00ed con un ni\u00f1o de seis a\u00f1os que hab\u00eda perdido su pelo a causa de la quimioterapia. Enotonces, pens\u00f3 que como \u00e9l ten\u00eda pelo, pod\u00eda donarselo a todos esos ni\u00f1os que lo perd\u00edan. Se lo coment\u00f3 a sus padres, y dos a\u00f1os m\u00e1s tarde, el peque\u00f1o se ha cortado el pelo y lo ha donado a los ni\u00f1os con c\u00e1ncer para que puedan utilizarlo para hacer pelucas. Lo ha donado a una ONG de Michigan que ofrece pelucas anualmente de forma gratuita para los ni\u00f1os con c\u00e1ncer o v\u00edctimas de quemaduras grabes.<\/p>\n<p>Cristiano ha regalado un total de 30 cent\u00edmetros de su pelo, que es lo que le ha credido durante estos dos a\u00f1os. Su madre asegura que \u00bb el eligi\u00f3 tomar esta decisi\u00f3n, nosotros solo la respetamos\u00bb, y dice que ahora \u00abha cumplido su reto\u00bb. Tanto ella como su marido se encuentran completamente orgullosos de su hijo.<\/p>\n<p>Momento en el que Cristiano se corta el peloMomento en el que Cristiano se corta el pelo | Foto: Facebook<br \/>\nPero no todo ha sido bueno durante estos a\u00f1os, y Cristiano ha tenido que soportar cr\u00edticas de muchos de sus compa\u00f1eros de clase, que le dec\u00edan que era una ni\u00f1a, e \u00abincluso de algunos mayores\u00bb dice la madre. Pero \u00e9l nunca pens\u00f3 en tirar la toalla.<\/p>\n<p>El padrastro de Cristiano, Scott Norris, asegura que \u00abse qued\u00f3 sorprendido por la decisi\u00f3n\u00bb. Algunos familiares le ofrecieron dinero a cambio de cortarse el pelo, pero \u00e9l nunca cedi\u00f3, \u00abme sent\u00ed lleno de alegr\u00eda y de orgullo\u00bb dijo Norris.<\/p>\n<p>Una enfermera del Hospital St. Jude, escribi\u00f3 en Facebook a la madre de Cristiano:\u00bbEs una hist\u00f3ria incre\u00edble!! Como enfermera de oncolog\u00eda pedi\u00e1trica he llorado junto a varias madres mientras le cortaban el pelo a sus hijos. Es un momento muy duro para los ni\u00f1os y los padres. Dale un beso de mi parte y de todos los ni\u00f1os y familias de St.Jude. Es un peque\u00f1o h\u00e9roe\u00bb.<\/p>\n<p>Pero Cristiano no es el \u00fanico &#8216;peque\u00f1o h\u00e9roe&#8217; de su familia, ya que sus hermanos donaron todos sus juguetes y parte d su ropa a una ONG. Scott y Deeanna, as\u00ed como el padre biol\u00f3gico de Cristiano han dicho \u00abque intentan cr\u00edar a los ni\u00f1os para que sepan pensar en los dem\u00e1s y no solo en ellos\u00bb.<\/p>\n","protected":false},"excerpt":{"rendered":"<p>Cristina McPhilamy, de 8 a\u00f1os, cambi\u00f3 su forma de ver el mundo tras una visita al Hospital de Investigaci\u00f3n Infantil St. Jude Children de Florida. McPhilamy se encontr\u00f3 all\u00ed con un ni\u00f1o de seis a\u00f1os que hab\u00eda perdido su pelo a causa de la quimioterapia. Enotonces, pens\u00f3 que como \u00e9l ten\u00eda pelo, pod\u00eda donarselo a [&hellip;]<\/p>\n","protected":false},"author":3,"featured_media":10639,"comment_status":"open","ping_status":"open","sticky":false,"template":"","format":"standard","meta":{"footnotes":""},"categories":[40,45],"tags":[],"class_list":["post-10638","post","type-post","status-publish","format-standard","has-post-thumbnail","hentry","category-internacionales","category-salud"],"_links":{"self":[{"href":"https:\/\/2horizontes.com\/index.php?rest_route=\/wp\/v2\/posts\/10638","targetHints":{"allow":["GET"]}}],"collection":[{"href":"https:\/\/2horizontes.com\/index.php?rest_route=\/wp\/v2\/posts"}],"about":[{"href":"https:\/\/2horizontes.com\/index.php?rest_route=\/wp\/v2\/types\/post"}],"author":[{"embeddable":true,"href":"https:\/\/2horizontes.com\/index.php?rest_route=\/wp\/v2\/users\/3"}],"replies":[{"embeddable":true,"href":"https:\/\/2horizontes.com\/index.php?rest_route=%2Fwp%2Fv2%2Fcomments&post=10638"}],"version-history":[{"count":1,"href":"https:\/\/2horizontes.com\/index.php?rest_route=\/wp\/v2\/posts\/10638\/revisions"}],"predecessor-version":[{"id":10640,"href":"https:\/\/2horizontes.com\/index.php?rest_route=\/wp\/v2\/posts\/10638\/revisions\/10640"}],"wp:featuredmedia":[{"embeddable":true,"href":"https:\/\/2horizontes.com\/index.php?rest_route=\/wp\/v2\/media\/10639"}],"wp:attachment":[{"href":"https:\/\/2horizontes.com\/index.php?rest_route=%2Fwp%2Fv2%2Fmedia&parent=10638"}],"wp:term":[{"taxonomy":"category","embeddable":true,"href":"https:\/\/2horizontes.com\/index.php?rest_route=%2Fwp%2Fv2%2Fcategories&post=10638"},{"taxonomy":"post_tag","embeddable":true,"href":"https:\/\/2horizontes.com\/index.php?rest_route=%2Fwp%2Fv2%2Ftags&post=10638"}],"curies":[{"name":"wp","href":"https:\/\/api.w.org\/{rel}","templated":true}]}}