{"id":10618,"date":"2015-06-03T13:16:45","date_gmt":"2015-06-03T12:16:45","guid":{"rendered":"http:\/\/2horizontes.com\/?p=10618"},"modified":"2015-06-03T13:16:45","modified_gmt":"2015-06-03T12:16:45","slug":"unas-450-000-personas-moriran-en-2025-en-accidentes-en-latinoamerica-y-caribe","status":"publish","type":"post","link":"https:\/\/2horizontes.com\/?p=10618","title":{"rendered":"Unas 450.000 personas morir\u00e1n en 2025 en accidentes en Latinoam\u00e9rica y Caribe"},"content":{"rendered":"<div id=\"ArticleAuthorDiv\" class=\"article-body-author\"><b>EFE<\/b><\/div>\n<div id=\"ArticleSourceDiv\" class=\"article-body-author\"><b>Madrid<\/b><\/div>\n<div id=\"ArticleBody\">\n<p>Cerca de 450.000 personas morir\u00e1n en accidentes de tr\u00e1fico en Am\u00e9rica Latina y el Caribe, seg\u00fan el Banco Interamericano de Desarrollo, el triple de los fallecidos al a\u00f1o en las carreteras que se registran actualmente en esa regi\u00f3n.<\/p>\n<p>Es la zona m\u00e1s castigada del planeta por la siniestralidad vial, aseguran en un comunicado los organizadores del Primer Congreso Iberoamericano de Seguridad Vial que se celebrar\u00e1 en Madrid del 15 al 17 de este mes para compartir conocimientos y experiencias en esta materia.<\/p>\n<p>El congreso incidir\u00e1 en la capacitaci\u00f3n, la educaci\u00f3n y la formaci\u00f3n vial como claves para lograr los objetivos del decenio y reducir a la mitad las muertes por accidente de circulaci\u00f3n.<\/p>\n<p>Se debatir\u00e1, entre otras cuestiones, la necesidad de regular el uso de elementos como el casco o los cinturones de seguridad.<\/p>\n<p>Seg\u00fan la Organizaci\u00f3n Mundial de la Salud (OMS), solo el 40 % de los pa\u00edses del mundo tiene leyes integrales sobre la utilizaci\u00f3n del casco y los criterios espec\u00edficos de calidad que estos deben cumplir.<\/p>\n<p>Adem\u00e1s, solo un 57 % de los pa\u00edses exige que todos los ocupantes del autom\u00f3vil lleven cintur\u00f3n de seguridad.<\/p>\n<p>En el encuentro participar\u00e1n expertos de uno y otro lado del Atl\u00e1ntico, representantes de los gobiernos de la regi\u00f3n iberoamericana, presidentes y directores de organizaciones relacionadas con la seguridad vial, as\u00ed como consejeros delegados o directores de importantes empresas del sector.<\/p>\n<p>Especialistas de Argentina, Brasil, Chile, Colombia, Cuba, Ecuador, Espa\u00f1a, Estados Unidos, Israel, M\u00e9xico, Panam\u00e1, Per\u00fa, Portugal y Uruguay tienen confirmada su asistencia.<\/p>\n<p>La reuni\u00f3n est\u00e1 organizada por el Instituto Vial Ibero-Americano (IVIA), la Confederaci\u00f3n Nacional de Autoescuelas de Espa\u00f1a (CNAE), la Fundaci\u00f3n Espa\u00f1ola de la Seguridad Vial (FESVIAL) y la Fundaci\u00f3n MAPFRE.<\/p>\n<p>Este congreso nace con el objetivo de profundizar en algunas de las materias analizadas, desde una perspectiva m\u00e1s gen\u00e9rica, en los Congresos Iberoamericanos de Seguridad Vial (CISEV), que ya cuentan con cuatro ediciones.<\/p>\n<\/div>\n","protected":false},"excerpt":{"rendered":"<p>EFE Madrid Cerca de 450.000 personas morir\u00e1n en accidentes de tr\u00e1fico en Am\u00e9rica Latina y el Caribe, seg\u00fan el Banco Interamericano de Desarrollo, el triple de los fallecidos al a\u00f1o en las carreteras que se registran actualmente en esa regi\u00f3n. Es la zona m\u00e1s castigada del planeta por la siniestralidad vial, aseguran en un comunicado [&hellip;]<\/p>\n","protected":false},"author":7,"featured_media":10620,"comment_status":"open","ping_status":"open","sticky":false,"template":"","format":"standard","meta":{"footnotes":""},"categories":[40],"tags":[],"class_list":["post-10618","post","type-post","status-publish","format-standard","has-post-thumbnail","hentry","category-internacionales"],"_links":{"self":[{"href":"https:\/\/2horizontes.com\/index.php?rest_route=\/wp\/v2\/posts\/10618","targetHints":{"allow":["GET"]}}],"collection":[{"href":"https:\/\/2horizontes.com\/index.php?rest_route=\/wp\/v2\/posts"}],"about":[{"href":"https:\/\/2horizontes.com\/index.php?rest_route=\/wp\/v2\/types\/post"}],"author":[{"embeddable":true,"href":"https:\/\/2horizontes.com\/index.php?rest_route=\/wp\/v2\/users\/7"}],"replies":[{"embeddable":true,"href":"https:\/\/2horizontes.com\/index.php?rest_route=%2Fwp%2Fv2%2Fcomments&post=10618"}],"version-history":[{"count":1,"href":"https:\/\/2horizontes.com\/index.php?rest_route=\/wp\/v2\/posts\/10618\/revisions"}],"predecessor-version":[{"id":10622,"href":"https:\/\/2horizontes.com\/index.php?rest_route=\/wp\/v2\/posts\/10618\/revisions\/10622"}],"wp:featuredmedia":[{"embeddable":true,"href":"https:\/\/2horizontes.com\/index.php?rest_route=\/wp\/v2\/media\/10620"}],"wp:attachment":[{"href":"https:\/\/2horizontes.com\/index.php?rest_route=%2Fwp%2Fv2%2Fmedia&parent=10618"}],"wp:term":[{"taxonomy":"category","embeddable":true,"href":"https:\/\/2horizontes.com\/index.php?rest_route=%2Fwp%2Fv2%2Fcategories&post=10618"},{"taxonomy":"post_tag","embeddable":true,"href":"https:\/\/2horizontes.com\/index.php?rest_route=%2Fwp%2Fv2%2Ftags&post=10618"}],"curies":[{"name":"wp","href":"https:\/\/api.w.org\/{rel}","templated":true}]}}