{"id":10613,"date":"2015-06-03T13:12:43","date_gmt":"2015-06-03T12:12:43","guid":{"rendered":"http:\/\/2horizontes.com\/?p=10613"},"modified":"2015-06-03T13:17:21","modified_gmt":"2015-06-03T12:17:21","slug":"eeuu-invita-a-cuba-a-adoptar-un-mercado-mas-abierto","status":"publish","type":"post","link":"https:\/\/2horizontes.com\/?p=10613","title":{"rendered":"EE.UU. invita a Cuba a adoptar un mercado m\u00e1s abierto"},"content":{"rendered":"<div id=\"ArticleAuthorDiv\" class=\"article-body-author\"><b>EFE<\/b><\/div>\n<div id=\"ArticleSourceDiv\" class=\"article-body-author\"><b>Washington<\/b><\/div>\n<div id=\"ArticleBody\">\n<p>El subsecretario de Comercio Internacional estadounidense, Stefan Selig, invit\u00f3 hoy a Cuba a abrir su mercado y realizar reformas como parte del proceso de normalizaci\u00f3n de la relaci\u00f3n con EE.UU..<\/p>\n<p>En la apertura de una conferencia sobre el futuro econ\u00f3mico de la isla, Selig dijo que, si Cuba abre su econom\u00eda e inicia las reformas necesarias, se podr\u00e1 situar al nivel de otros pa\u00edses latinoamericanos como Chile, Colombia y Per\u00fa, que han pasado al crecimiento y la modernizaci\u00f3n econ\u00f3mica.<\/p>\n<p>El funcionario estadounidense abri\u00f3 hoy con su discurso unas jornadas sobre la econom\u00eda cubana en el centro de estudios Brookings Institute en Washington, que levantaron gran expectaci\u00f3n y contaron con la presencia de economistas venidos de Cuba, algo poco habitual.<\/p>\n<p>Los ponentes analizaron la posible evoluci\u00f3n de la econom\u00eda cubana al tiempo que avanza el proceso de restablecimiento de relaciones anunciado el pasado 17 de diciembre por el mandatario estadounidense, Barack Obama, y su hom\u00f3logo cubano, Ra\u00fal Castro.<\/p>\n<p>Selig confi\u00f3 en que, tras el anuncio y los primeros pasos para la reapertura de embajadas entre los dos pa\u00edses y la suavizaci\u00f3n de sanciones y algunas trabas al comercio con la isla caribe\u00f1a, \u00abno se pierda el entusiasmo\u00bb y se mantenga el ritmo de cambios.<\/p>\n<p>El subsecretario asegur\u00f3 que la normalizaci\u00f3n de las relaciones con Cuba inevitablemente significar\u00e1 \u00abreiniciar el reloj de la econom\u00eda cubana\u00bb.<\/p>\n<p>El profesor de Econom\u00eda de la Universidad de la Habana Juan Triana Cordov\u00ed explic\u00f3 que, ya con los primeros pasos hacia la normalizaci\u00f3n, el turismo cubano ha experimentado un importante crecimiento, con un aumento de las llegadas de norteamericanos en un 20 % en los \u00faltimos meses.<\/p>\n<p>Triana se\u00f1al\u00f3 que el proceso de levantamiento del embargo impuesto por Estados Unidos contra la isla ser\u00e1 \u00ablargo y tortuoso\u00bb, ya que se trata de un entramado de normas y impedimentos que llevar\u00eda m\u00e1s de un a\u00f1o eliminar.<\/p>\n<p>En su opini\u00f3n, Cuba, que ya llevaba abordando reformas antes del 17 de diciembre, est\u00e1 abocada a profundos cambios econ\u00f3micos y pol\u00edticos.<\/p>\n<\/div>\n","protected":false},"excerpt":{"rendered":"<p>EFE Washington El subsecretario de Comercio Internacional estadounidense, Stefan Selig, invit\u00f3 hoy a Cuba a abrir su mercado y realizar reformas como parte del proceso de normalizaci\u00f3n de la relaci\u00f3n con EE.UU.. En la apertura de una conferencia sobre el futuro econ\u00f3mico de la isla, Selig dijo que, si Cuba abre su econom\u00eda e inicia [&hellip;]<\/p>\n","protected":false},"author":7,"featured_media":10616,"comment_status":"open","ping_status":"open","sticky":false,"template":"","format":"standard","meta":{"footnotes":""},"categories":[49,63,40],"tags":[],"class_list":["post-10613","post","type-post","status-publish","format-standard","has-post-thumbnail","hentry","category-cuba","category-economia","category-internacionales"],"_links":{"self":[{"href":"https:\/\/2horizontes.com\/index.php?rest_route=\/wp\/v2\/posts\/10613","targetHints":{"allow":["GET"]}}],"collection":[{"href":"https:\/\/2horizontes.com\/index.php?rest_route=\/wp\/v2\/posts"}],"about":[{"href":"https:\/\/2horizontes.com\/index.php?rest_route=\/wp\/v2\/types\/post"}],"author":[{"embeddable":true,"href":"https:\/\/2horizontes.com\/index.php?rest_route=\/wp\/v2\/users\/7"}],"replies":[{"embeddable":true,"href":"https:\/\/2horizontes.com\/index.php?rest_route=%2Fwp%2Fv2%2Fcomments&post=10613"}],"version-history":[{"count":2,"href":"https:\/\/2horizontes.com\/index.php?rest_route=\/wp\/v2\/posts\/10613\/revisions"}],"predecessor-version":[{"id":10624,"href":"https:\/\/2horizontes.com\/index.php?rest_route=\/wp\/v2\/posts\/10613\/revisions\/10624"}],"wp:featuredmedia":[{"embeddable":true,"href":"https:\/\/2horizontes.com\/index.php?rest_route=\/wp\/v2\/media\/10616"}],"wp:attachment":[{"href":"https:\/\/2horizontes.com\/index.php?rest_route=%2Fwp%2Fv2%2Fmedia&parent=10613"}],"wp:term":[{"taxonomy":"category","embeddable":true,"href":"https:\/\/2horizontes.com\/index.php?rest_route=%2Fwp%2Fv2%2Fcategories&post=10613"},{"taxonomy":"post_tag","embeddable":true,"href":"https:\/\/2horizontes.com\/index.php?rest_route=%2Fwp%2Fv2%2Ftags&post=10613"}],"curies":[{"name":"wp","href":"https:\/\/api.w.org\/{rel}","templated":true}]}}