{"id":10598,"date":"2015-06-03T12:45:02","date_gmt":"2015-06-03T11:45:02","guid":{"rendered":"http:\/\/2horizontes.com\/?p=10598"},"modified":"2015-06-03T12:45:02","modified_gmt":"2015-06-03T11:45:02","slug":"dimite-el-superministro-del-gobierno-de-colombia","status":"publish","type":"post","link":"https:\/\/2horizontes.com\/?p=10598","title":{"rendered":"Dimite el \u00absuperministro\u00bb del gobierno de Colombia"},"content":{"rendered":"<div id=\"ArticleAuthorDiv\" class=\"article-body-author\"><b>AP<\/b><\/div>\n<div id=\"ArticleSourceDiv\" class=\"article-body-author\"><b>Bogot\u00e1, Colombia<\/b><\/div>\n<div id=\"ArticleBody\">\n<p>N\u00e9stor Humberto Mart\u00ednez, ministro de la presidencia en el gobierno de Juan Manuel Santos, present\u00f3 el martes su dimisi\u00f3n al cargo que ocupaba desde hace nueve meses.<\/p>\n<p>El conocido como \u00absuperministro\u00bb, dado su poder dentro del ejecutivo colombiano, renunci\u00f3 voluntariamente a su cargo debido \u00abuna circunstancia personal que me compromete en mi vida profesional y personal\u00bb, afirm\u00f3.<\/p>\n<p>Mart\u00ednez ten\u00eda la misi\u00f3n de coordinar los principales asuntos de la presidencia desde un puesto creado en agosto de manera excepcional por Santos poco despu\u00e9s de ganar las elecciones.<\/p>\n<p>\u00abEl se\u00f1or presidente conoce de una cantidad de compromisos que est\u00e1n bajo mi responsabilidad y que voy a terminar de cumplir\u00bb, dijo Mart\u00ednez al anunciar que seguir\u00e1 15 d\u00edas m\u00e1s en el cargo.<\/p>\n<p>Entre los motivos para su salida del gobierno estar\u00eda el hecho de que asumir\u00e1 la direcci\u00f3n de un prestigioso bufete de abogados que acaba de asociarse con DLA Piper, la firma de abogados m\u00e1s grande del mundo, que prepara su lanzamiento en Am\u00e9rica Latina para el mes de julio.<\/p>\n<p>\u00abNo tengo agendas ocultas; mi \u00fanico compromiso ahora que salgo del gobierno es con mi ejercicio profesional\u00bb, dijo el ex ministro en su despedida.<\/p>\n<p>Mart\u00ednez ha sido miembro de la junta del Banco de la Rep\u00fablica, superintendente financiero, ministro del Interior y de Justicia, y es considerado como uno de los abogados m\u00e1s exitosos e influyentes del pa\u00eds.<\/p>\n<p>Entre sus tareas recientes tendi\u00f3 puentes entre el ex presidente \u00c1lvaro Uribe y Santos, abiertamente enfrentados por el proceso de paz que se sigue en Cuba entre el gobierno y la guerrilla de las Fuerzas Armadas Revolucionarias de Colombia.<\/p>\n<\/div>\n","protected":false},"excerpt":{"rendered":"<p>AP Bogot\u00e1, Colombia N\u00e9stor Humberto Mart\u00ednez, ministro de la presidencia en el gobierno de Juan Manuel Santos, present\u00f3 el martes su dimisi\u00f3n al cargo que ocupaba desde hace nueve meses. El conocido como \u00absuperministro\u00bb, dado su poder dentro del ejecutivo colombiano, renunci\u00f3 voluntariamente a su cargo debido \u00abuna circunstancia personal que me compromete en mi [&hellip;]<\/p>\n","protected":false},"author":7,"featured_media":10599,"comment_status":"open","ping_status":"open","sticky":false,"template":"","format":"standard","meta":{"footnotes":""},"categories":[50,40,43],"tags":[],"class_list":["post-10598","post","type-post","status-publish","format-standard","has-post-thumbnail","hentry","category-colombia","category-internacionales","category-politica"],"_links":{"self":[{"href":"https:\/\/2horizontes.com\/index.php?rest_route=\/wp\/v2\/posts\/10598","targetHints":{"allow":["GET"]}}],"collection":[{"href":"https:\/\/2horizontes.com\/index.php?rest_route=\/wp\/v2\/posts"}],"about":[{"href":"https:\/\/2horizontes.com\/index.php?rest_route=\/wp\/v2\/types\/post"}],"author":[{"embeddable":true,"href":"https:\/\/2horizontes.com\/index.php?rest_route=\/wp\/v2\/users\/7"}],"replies":[{"embeddable":true,"href":"https:\/\/2horizontes.com\/index.php?rest_route=%2Fwp%2Fv2%2Fcomments&post=10598"}],"version-history":[{"count":1,"href":"https:\/\/2horizontes.com\/index.php?rest_route=\/wp\/v2\/posts\/10598\/revisions"}],"predecessor-version":[{"id":10600,"href":"https:\/\/2horizontes.com\/index.php?rest_route=\/wp\/v2\/posts\/10598\/revisions\/10600"}],"wp:featuredmedia":[{"embeddable":true,"href":"https:\/\/2horizontes.com\/index.php?rest_route=\/wp\/v2\/media\/10599"}],"wp:attachment":[{"href":"https:\/\/2horizontes.com\/index.php?rest_route=%2Fwp%2Fv2%2Fmedia&parent=10598"}],"wp:term":[{"taxonomy":"category","embeddable":true,"href":"https:\/\/2horizontes.com\/index.php?rest_route=%2Fwp%2Fv2%2Fcategories&post=10598"},{"taxonomy":"post_tag","embeddable":true,"href":"https:\/\/2horizontes.com\/index.php?rest_route=%2Fwp%2Fv2%2Ftags&post=10598"}],"curies":[{"name":"wp","href":"https:\/\/api.w.org\/{rel}","templated":true}]}}