{"id":10591,"date":"2015-06-03T10:37:18","date_gmt":"2015-06-03T09:37:18","guid":{"rendered":"http:\/\/2horizontes.com\/?p=10591"},"modified":"2015-06-03T10:38:27","modified_gmt":"2015-06-03T09:38:27","slug":"el-orgullo-gay-de-seul-2015-cancelado-porque-genera-inconvenientes-para-el-trafico","status":"publish","type":"post","link":"https:\/\/2horizontes.com\/?p=10591","title":{"rendered":"El Orgullo Gay de Se\u00fal 2015, cancelado por que genera \u201cinconvenientes para el tr\u00e1fico\u201d"},"content":{"rendered":"<p>Tras quince ediciones, desde que se originase en 2000, Se\u00fal se queda sin la celebraci\u00f3n del Orgullo Gay. Y es que el desfile del Pride de este 2015 no se celebrar\u00e1 debido a que la Polic\u00eda no ha concedido los permisos oportunos a los organizadores del Korea Queer Cultural Festival&#8217;s.<\/p>\n<p>Tal como denuncian Human Rights Watch, detr\u00e1s de esta cancelaci\u00f3n hay grupos religiosos ultraconservadores, quienes han convocado protestas contra el evento ese mismo d\u00eda. As\u00ed, las autoridades policiales surcoreanas habr\u00edan considerado que el Orgullo Gay \u201chabr\u00eda generado inconvenientes para el tr\u00e1fico de viandantes y veh\u00edculos\u201d. De hecho, el a\u00f1o pasado, este mismo colectivo religioso trat\u00f3 de bloquear el desfile, lo que representa una gran desigualdad de trato en lo que a permisos de manifestaci\u00f3n se refiere.<\/p>\n<p>La manifestaci\u00f3n por los derechos LGBT estaba prevista para el 28 de junio y habr\u00eda arrancado en la Plaza de Se\u00fal, frente a la casa consistorial de la ciudad. Sin embargo, los organizadores afirman que no se quedar\u00e1n de brazos cruzado y llevar\u00e1n a cabo actos alternativos, adem\u00e1s de recurrir la prohibici\u00f3n, la cual \u201cinstiga al odio y a la violencia\u201d hacia gays, lesbianas, bisexuales y transexuales seg\u00fan la organizaci\u00f3n del KQCF. De hecho, en los \u00faltimos d\u00edas muchos activistas han acampado frente a la comisar\u00eda del centro de Se\u00fal para expreesar su apoyo al evento.<\/p>\n<p>Adem\u00e1s de castrar los derechos LGBT, esta prohibici\u00f3n es un rev\u00e9s al turismo en la capital coreana. Y es que en su edici\u00f3n de 2014 se leg\u00f3 a congregar unos 20.000 asistentes, una cifra nada despreciable.<\/p>\n","protected":false},"excerpt":{"rendered":"<p>Tras quince ediciones, desde que se originase en 2000, Se\u00fal se queda sin la celebraci\u00f3n del Orgullo Gay. Y es que el desfile del Pride de este 2015 no se celebrar\u00e1 debido a que la Polic\u00eda no ha concedido los permisos oportunos a los organizadores del Korea Queer Cultural Festival&#8217;s. Tal como denuncian Human Rights [&hellip;]<\/p>\n","protected":false},"author":3,"featured_media":10592,"comment_status":"open","ping_status":"open","sticky":false,"template":"","format":"standard","meta":{"footnotes":""},"categories":[57],"tags":[],"class_list":["post-10591","post","type-post","status-publish","format-standard","has-post-thumbnail","hentry","category-mundo-gay"],"_links":{"self":[{"href":"https:\/\/2horizontes.com\/index.php?rest_route=\/wp\/v2\/posts\/10591","targetHints":{"allow":["GET"]}}],"collection":[{"href":"https:\/\/2horizontes.com\/index.php?rest_route=\/wp\/v2\/posts"}],"about":[{"href":"https:\/\/2horizontes.com\/index.php?rest_route=\/wp\/v2\/types\/post"}],"author":[{"embeddable":true,"href":"https:\/\/2horizontes.com\/index.php?rest_route=\/wp\/v2\/users\/3"}],"replies":[{"embeddable":true,"href":"https:\/\/2horizontes.com\/index.php?rest_route=%2Fwp%2Fv2%2Fcomments&post=10591"}],"version-history":[{"count":2,"href":"https:\/\/2horizontes.com\/index.php?rest_route=\/wp\/v2\/posts\/10591\/revisions"}],"predecessor-version":[{"id":10594,"href":"https:\/\/2horizontes.com\/index.php?rest_route=\/wp\/v2\/posts\/10591\/revisions\/10594"}],"wp:featuredmedia":[{"embeddable":true,"href":"https:\/\/2horizontes.com\/index.php?rest_route=\/wp\/v2\/media\/10592"}],"wp:attachment":[{"href":"https:\/\/2horizontes.com\/index.php?rest_route=%2Fwp%2Fv2%2Fmedia&parent=10591"}],"wp:term":[{"taxonomy":"category","embeddable":true,"href":"https:\/\/2horizontes.com\/index.php?rest_route=%2Fwp%2Fv2%2Fcategories&post=10591"},{"taxonomy":"post_tag","embeddable":true,"href":"https:\/\/2horizontes.com\/index.php?rest_route=%2Fwp%2Fv2%2Ftags&post=10591"}],"curies":[{"name":"wp","href":"https:\/\/api.w.org\/{rel}","templated":true}]}}